{"id":376236,"date":"2015-09-23T09:00:00","date_gmt":"2015-09-23T06:00:00","guid":{"rendered":"https:\/\/analyse.optim.biz\/?p=376236"},"modified":"2015-09-23T09:00:00","modified_gmt":"2015-09-23T06:00:00","slug":"ce-spune-ponta-despre-intalnirea-cu-noul-ambasador-al-sua-la-bucuresti-ce-planuri-are-diplomatul","status":"publish","type":"post","link":"https:\/\/analyse.optim.biz\/?p=376236","title":{"rendered":"Ce spune Ponta despre \u00eent\u00e2lnirea cu noul ambasador al SUA la Bucure\u0219ti. Ce planuri are diplomatul"},"content":{"rendered":"<div class=\"description\" data-key=\"description\">Premierul Victor Ponta a precizat miercuri c\u0103 s-a \u00eent\u00e2lnit \u00een aceast\u0103 diminea\u021b\u0103 la Palatul Victoria, cu noul ambasador al SUA la Bucure\u0219ti, Hans Klemm<\/div>\n<div class=\"articleBody\" data-key=\"articleBody\">Premierul Victor Ponta a precizat miercuri c\u0103 s-a \u00eent\u00e2lnit \u00een aceast\u0103 diminea\u021b\u0103 la Palatul Victoria, cu noul ambasador al SUA la Bucure\u0219ti, Hans Klemm, discu\u021biile ax\u00e2ndu-se pe parteneriatul strategic, pe proiectele aflate \u00een derulare \u0219i pe faptul c\u0103 Rom\u00e2nia s-a dovedit un aliat foarte serios al SUA, \u00een ultimii trei ani \u0219i jum\u0103tate.<br \/>\n&#8220;I-am urat bun venit, m\u0103 bucur foarte tare c\u0103 dup\u0103 trei ani avem un ambasador. Acum, iat\u0103, noi ambasadori. \u0218i al nostru la Washington, domnul Maior (n.r. George Maior), \u0219i al SUA la Bucure\u0219ti. Am discutat despre parteneriatul nostru strategic, despre proiectele pe care le avem \u00een derulare \u0219i despre faptul c\u0103 \u00een ultimii trei ani \u0219i jum\u0103tate, de c\u00e2nd sunt prim-ministru, Rom\u00e2nia s-a dovedit un aliat foarte serios al SUA \u0219i c\u0103, sigur, vrem \u0219i noi mai mult\u0103 apreciere \u0219i mai mult sprijin \u00een problemele noastre&#8221;, a declarat premierul la Palatul Parlamentului.<br \/>\nEl a ad\u0103ugat c\u0103 discu\u021biile s-au concentrat mai mult pe proiectele strategice ale Rom\u00e2niei cu SUA, pe situa\u021bia din Moldova \u0219i mai pu\u021bin pe problemele de politic\u0103 intern\u0103.<br \/>\n&#8220;Am discutat despre ceea ce trebuie s\u0103 discute \u0219eful unei ambasade al celui mai important partener al Rom\u00e2niei, SUA, proiectele noastre strategice \u0219i am discutat pu\u021bin \u0219i despre Moldova, pentru c\u0103 av\u00e2nd ieri \u0219edin\u021ba de Guvern comun\u0103 \u0219i adopt\u00e2nd acea decizie pe care o vom trimite \u00een Parlament \u00een cel mai scurt timp, privind un \u00eemprumut de 150 de milioane de euro&#8221;, a subliniat \u0219eful Executivului.<br \/>\nPonta a mai spus c\u0103, \u00een acela\u0219i timp, a primit \u0219i o &#8220;veste proast\u0103&#8221;, \u00een sensul c\u0103 Acordul dintre Republica Moldova \u0219i FMI &#8220;\u00eenc\u0103&#8221; nu se \u00eencheie.<br \/>\n&#8220;Or, am cerut sprijinul SUA pentru c\u0103 ei totu\u0219i au o voce mult mai puternic\u0103. \u0218i la FMI, \u0219i pe plan interna\u021bional, iar eu am spus un lucru pe care cred c\u0103 \u00eel \u00een\u021belege toat\u0103 lumea. Sigur c\u0103 sunt multe alte probleme \u00een lume, Siria, refugia\u021bi, Ucraina, dar pentru noi cea mai important\u0103 e Moldova \u0219i noi o s\u0103 putem s\u0103-i ajut\u0103m, dar nu singuri. Adic\u0103, acum, \u00een urm\u0103toarele luni care trec, cu sprijinul nostru, dar e nevoie s\u0103 aib\u0103 acord cu FMI-ul \u0219i Comisia European\u0103 \u0219i am cerut un pic de sprijin \u0219i \u00een sensul acesta&#8221;, a mai spus Victor Ponta<\/div>\n<p> Source URL: https:\/\/observatornews.ro\/politic\/ce-spune-ponta-despre-intalnirea-cu-noul-ambasador-al-sua-la-bucureti-ce-planuri-are-diplomatul-162136.html<\/p>\n","protected":false},"excerpt":{"rendered":"<p>Premierul Victor Ponta a precizat miercuri c\u0103 s-a \u00eent\u00e2lnit \u00een aceast\u0103 diminea\u021b\u0103 la Palatul Victoria, cu noul ambasador al SUA la Bucure\u0219ti, Hans Klemm Premierul Victor Ponta a precizat miercuri c\u0103 s-a \u00eent\u00e2lnit \u00een aceast\u0103 diminea\u021b\u0103 la Palatul Victoria, cu noul ambasador al SUA la Bucure\u0219ti, Hans Klemm, discu\u021biile ax\u00e2ndu-se pe parteneriatul strategic, pe proiectele [&hellip;]<\/p>\n","protected":false},"author":1,"featured_media":0,"comment_status":"open","ping_status":"","sticky":false,"template":"","format":"standard","meta":{"footnotes":""},"categories":[2],"tags":[30],"class_list":["post-376236","post","type-post","status-publish","format-standard","hentry","category-politics","tag-observatornews-ro"],"_links":{"self":[{"href":"https:\/\/analyse.optim.biz\/index.php?rest_route=\/wp\/v2\/posts\/376236","targetHints":{"allow":["GET"]}}],"collection":[{"href":"https:\/\/analyse.optim.biz\/index.php?rest_route=\/wp\/v2\/posts"}],"about":[{"href":"https:\/\/analyse.optim.biz\/index.php?rest_route=\/wp\/v2\/types\/post"}],"author":[{"embeddable":true,"href":"https:\/\/analyse.optim.biz\/index.php?rest_route=\/wp\/v2\/users\/1"}],"replies":[{"embeddable":true,"href":"https:\/\/analyse.optim.biz\/index.php?rest_route=%2Fwp%2Fv2%2Fcomments&post=376236"}],"version-history":[{"count":0,"href":"https:\/\/analyse.optim.biz\/index.php?rest_route=\/wp\/v2\/posts\/376236\/revisions"}],"wp:attachment":[{"href":"https:\/\/analyse.optim.biz\/index.php?rest_route=%2Fwp%2Fv2%2Fmedia&parent=376236"}],"wp:term":[{"taxonomy":"category","embeddable":true,"href":"https:\/\/analyse.optim.biz\/index.php?rest_route=%2Fwp%2Fv2%2Fcategories&post=376236"},{"taxonomy":"post_tag","embeddable":true,"href":"https:\/\/analyse.optim.biz\/index.php?rest_route=%2Fwp%2Fv2%2Ftags&post=376236"}],"curies":[{"name":"wp","href":"https:\/\/api.w.org\/{rel}","templated":true}]}}