{"id":376148,"date":"2015-09-24T12:24:00","date_gmt":"2015-09-24T09:24:00","guid":{"rendered":"https:\/\/analyse.optim.biz\/?p=376148"},"modified":"2015-09-24T12:24:00","modified_gmt":"2015-09-24T09:24:00","slug":"avocat-medicii-lui-sorin-oprescu-spun-ca-nu-doresc-sa-vina-la-arestul-capitalei-sa-l-consulte","status":"publish","type":"post","link":"https:\/\/analyse.optim.biz\/?p=376148","title":{"rendered":"Avocat: Medicii lui Sorin Oprescu spun c\u0103 nu doresc s\u0103 vin\u0103 la Arestul Capitalei s\u0103-l consulte"},"content":{"rendered":"<div class=\"description\" data-key=\"description\">Avocatul Viorel Mocanu a declarat c\u0103 medicii curan\u0163i ai lui Sorin Oprescu au spus c\u0103 nu ar dori s\u0103 vin\u0103 la Arest pentru investiga\u0163ii privind probleme cardiace<\/div>\n<div class=\"articleBody\" data-key=\"articleBody\">Avocatul Viorel Mocanu a declarat c\u0103 medicii curan\u0163i ai lui Sorin Oprescu au spus c\u0103 nu ar dori s\u0103 vin\u0103 la Arest pentru investiga\u0163ii privind probleme cardiace, acesta ar\u0103t\u00e2nd c\u0103 probabil cardiologii ar dori ca edilul s\u0103 fie dus la un spital sau la un cabinet medical unde exist\u0103 aparatura necesar\u0103.\u00a0<br \/>\nViorel Mocanu a spus c\u0103 joi diminea\u0163\u0103 a primit informa\u0163ia potrivit c\u0103reia medicii curan\u0163i ai lui Sorin Oprescu, men\u0163iona\u0163i \u00een cererea ap\u0103r\u0103rii de a-l supune unor investiga\u0163ii pentru probleme cardiace, au ar\u0103tat c\u0103 ei nu se vor prezenta la Arestul Central al Poli\u0163iei Capitalei pentru controlul medical.<br \/>\nPotrivit avocatului, medicii au spus c\u0103 ei nu pot s\u0103 vin\u0103 &#8220;\u00een vizit\u0103 de curtoazie&#8221; la Arestul Central. Mocanu a precizat c\u0103, \u00een opinia sa, probabil c\u0103 medicii ar dori ca Sorin Oprescu s\u0103 fie dus la un spital sau la un cabinet al acestora, unde exist\u0103 aparatura necesar\u0103 pentru investiga\u0163ii medicale de specialiate.<br \/>\nAvocatul a mai ar\u0103tat c\u0103 Sorin Oprescu a avut &#8220;bufeuri&#8221; \u015fi c\u0103 s-a sim\u0163it r\u0103u \u00eenainte de \u00eenceperea procesului, context \u00een care a fost dus de gardieni la aer, afar\u0103.<\/p>\n<p>Mocanu a mai ar\u0103tat c\u0103 \u015fedin\u0163a de judecat\u0103 a \u00eenceput la ora 10.00, dar Oprescu a fost adus la Tribunalul Bucure\u015fti de la ora 08.00. El a ad\u0103ugat c\u0103, pe parcursul \u015fedin\u0163ei de judecat, starea de s\u0103n\u0103tate a lui Sorin Oprescu a fost stabil\u0103.<br \/>\nAvocatul a precizat c\u0103 Sorin Oprescu nu a dat o declara\u0163ie \u00een fa\u0163a instan\u0163ei, ci a spus c\u00e2teva cuvinte \u00een finalul \u015fedin\u0163ei de judecat\u0103.<br \/>\nViorel Mocanu a mai spus c\u0103 spitalul unde lucreaz\u0103 cei doi medici curan\u0163i ai lui Oprescu ar fi r\u0103spuns joi diminea\u0163\u0103 unei adrese transmise de \u015feful Arestului Central al Poli\u0163iei Capitalei, prin care solicita prezen\u0163a acestora la unitatea de arest, iar atunci c\u00e2nd el i-a sunat pe cardiologi s\u0103-i \u00eentrebe c\u00e2nd vor s\u0103 \u00eei duc\u0103 la Oprescu, ace\u015ftia i-ar fi spus c\u0103 \u015fi ap\u0103rarea \u00ee\u015fi bate joc de ei.<br \/>\nAnterior, un alt avocat al lui Sorin Oprescu, Alexandru Chiciu, a declarat c\u0103 inclusiv joi diminea\u0163\u0103 au fost contacta\u0163i cei doi medici curan\u0163i ai lui Sorin Opresc, iar ace\u015ftia se vor prezenta la Arestul Central al Poli\u0163iei Capitalei dup\u0103 ce termin\u0103 serviciul de gard\u0103.<br \/>\nTribunalul Bucure\u015fti a judecat, joi, cererea formulat\u0103 de avoca\u0163ii lui Sorin Oprescu de \u00eenlocuire a arestului preventiv, m\u0103sur\u0103 luat\u0103 \u00een 6 septembrie, cu controlul judiciar sau cu arest la domiciliu, \u00een dosarul \u00een care procurorii DNA \u00eel acuz\u0103 de luare de mit\u0103.<br \/>\nAvocatul Alexandru Chiciu a declarat c\u0103 pentru genul de fapte de care este acuzat Oprescu, m\u0103sura arestului preventiv este una sever\u0103, care ar trebui aplicat\u0103 doar \u00een cauzele care vizeaz\u0103 fapte de violen\u0163\u0103.<br \/>\nLa Arestul Central al Poli\u0163iei Capitalei sunt doi reprezentan\u0163i ai Avocatului Poporului, \u00eenso\u0163i\u0163i un medic \u015fi un reprezentant al unei organiza\u0163ii non-guvernamentale. Ace\u015ftia urmeaz\u0103 s\u0103 stea de vorb\u0103 cu Sorin Oprescu \u015fi cu conducerea Arestului Central, pentru a verifica dac\u0103 au fost respectate dreptul la via\u0163\u0103, la integritate fizic\u0103 \u015fi psihic\u0103 \u015fi dreptul la ocrotirea s\u0103n\u0103t\u0103\u0163ii \u00een cazul primarului suspendat al Capitalei.<br \/>\n&#8220;Se va discuta cu domnul Oprescu s\u0103 vedem care este situa\u0163ia \u015fi se va face o prim\u0103 apreciere \u015fi de c\u0103tre medicul care va face parte din componen\u0163a acestei echipe. De asemenea, se va discuta cu conducerea arestului prevenit \u015fi se vor face, f\u0103r\u0103 \u00eendoial\u0103, \u015fi verific\u0103ri \u00een cadrul arestului preventiv&#8221;, a spus Avocatul Poporului, Victor Ciorbea.<br \/>\nAcesta a afirmat c\u0103 dac\u0103 vor fi constatate neregului \u00een urma vizitei pe care a dispus-o, se va putea face, imediat, o recomandare c\u0103tre conducerea Arestului.<br \/>\nPrimarul suspendat al Capitalei, care sufer\u0103 de diabet, a fost dus, luni 21 septembrie, din Arestul Central al Poli\u0163iei Capitalei, unde este \u00eencarcerat din 6 septembrie, la Spitalul &#8220;Sf\u00e2ntul Ioan&#8221;, pentru c\u0103 acuza dureri \u00een piept, suspect\u00e2ndu-se un infarct. El a fost supus unor investiga\u0163ii medicale, elimin\u00e2ndu-se suspiciunea, apoi a fost readus \u00een Arestul Capitalei, au declarat surse medicale.<br \/>\nAvoca\u0163ii lui Sorin Oprescu au solicitat, mar\u0163i, comisiei de la Arestul Central al Poli\u0163iei Capitalei s\u0103 \u00eei permit\u0103 lui Sorin Oprescu s\u0103 fie consultat la Spitalul Universitar de Urgen\u0163\u0103 Bucure\u015fti, de trei dintre medicii s\u0103i curan\u0163i, printre care profesor dr. Drago\u015f Vinereanu \u015fi profesor dr. Leonida Gherasim, pentru probleme cardiace care s-au amplificat \u00een ultima perioad\u0103.<br \/>\nViorel Mocanu a declarat c\u0103 cererea a fost formulat\u0103 din cauz\u0103 c\u0103 durerile pe care le-a avut Sorin Oprescu atunci c\u00e2nd a fost dus din arest la Spitalul &#8220;Sf\u00e2ntul Ioan&#8221; persist\u0103, iar familia acestuia \u015fi ap\u0103rarea doresc \u015fi opinia altor medici cu privire la diagnostic. Potrivit avocatului, din investiga\u0163iile care i-au fost f\u0103cute \u00een 21 septembrie, la spital, se pare c\u0103 Sorin Oprescu ar fi f\u0103cut un &#8220;pseudo-infarct&#8221;, iar starea medical\u0103 ar indica un posibil infarct.<br \/>\nMiercuri, avocatul Viorel Mocanu a declarat c\u0103 cererea a fost aprobat\u0103 \u00een regim de urgen\u0163\u0103, dar de\u015fi Sorin Oprescu \u015fi ap\u0103rarea ar fi dorit s\u0103 se aprobe un transfer la Spitalul Universitar de Urgen\u0163\u0103, sunt mul\u0163umi\u0163i de avizarea solicit\u0103rii \u015fi \u00eencrez\u0103tori \u00een serviciile medicale din Spitalul Militar.<br \/>\nUlterior, Poli\u0163ia Capitalei a anun\u0163at c\u0103 Sorin Oprescu va fi consultat \u00een cabinetul medical din Arestul Central, de medicul specialist pe care primarul suspendat al Capitalei \u00eel dore\u015fte, iar acesta va decide asupra tratamentului.<br \/>\nPrimarul general al Capitalei, Sorin Oprescu, a fost arestat preventiv \u00een 6 septembrie, de Tribunalul Bucure\u015fti, la cererea procurorilor Direc\u0163iei Na\u0163ionale Anticorup\u0163ie, care \u00eel acuz\u0103 de luare de mit\u0103.<br \/>\nDecizia de arestare preventiv\u0103 a fost contestat\u0103 de Sorin Oprescu \u015fi judecat\u0103 \u00een 14 septembrie la Curtea de Apel Bucure\u015fti, de magistratul Camelia Bogdan, cea care l-a condamnat pe Dan Voiculescu \u00een dosarul privind privatizarea Institutului de Cercet\u0103ri Alimentare (ICA). Magistratul a men\u0163inut decizia din 6 septembrie a Tribunalului Bucure\u015fti, Sorin Oprescu r\u0103m\u00e2n\u00e2nd \u00een arest preventiv \u015fi fiind suspendat din func\u0163ie, din 15 septembrie.<br \/>\nSurs\u0103: Mediafax<\/p><\/div>\n<p> Source URL: https:\/\/observatornews.ro\/politic\/avocat-medicii-lui-sorin-oprescu-spun-ca-nu-doresc-sa-vina-la-arestul-capitalei-sal-consulte-162248.html<\/p>\n","protected":false},"excerpt":{"rendered":"<p>Avocatul Viorel Mocanu a declarat c\u0103 medicii curan\u0163i ai lui Sorin Oprescu au spus c\u0103 nu ar dori s\u0103 vin\u0103 la Arest pentru investiga\u0163ii privind probleme cardiace Avocatul Viorel Mocanu a declarat c\u0103 medicii curan\u0163i ai lui Sorin Oprescu au spus c\u0103 nu ar dori s\u0103 vin\u0103 la Arest pentru investiga\u0163ii privind probleme cardiace, acesta [&hellip;]<\/p>\n","protected":false},"author":1,"featured_media":0,"comment_status":"open","ping_status":"","sticky":false,"template":"","format":"standard","meta":{"footnotes":""},"categories":[2],"tags":[30],"class_list":["post-376148","post","type-post","status-publish","format-standard","hentry","category-politics","tag-observatornews-ro"],"_links":{"self":[{"href":"https:\/\/analyse.optim.biz\/index.php?rest_route=\/wp\/v2\/posts\/376148","targetHints":{"allow":["GET"]}}],"collection":[{"href":"https:\/\/analyse.optim.biz\/index.php?rest_route=\/wp\/v2\/posts"}],"about":[{"href":"https:\/\/analyse.optim.biz\/index.php?rest_route=\/wp\/v2\/types\/post"}],"author":[{"embeddable":true,"href":"https:\/\/analyse.optim.biz\/index.php?rest_route=\/wp\/v2\/users\/1"}],"replies":[{"embeddable":true,"href":"https:\/\/analyse.optim.biz\/index.php?rest_route=%2Fwp%2Fv2%2Fcomments&post=376148"}],"version-history":[{"count":0,"href":"https:\/\/analyse.optim.biz\/index.php?rest_route=\/wp\/v2\/posts\/376148\/revisions"}],"wp:attachment":[{"href":"https:\/\/analyse.optim.biz\/index.php?rest_route=%2Fwp%2Fv2%2Fmedia&parent=376148"}],"wp:term":[{"taxonomy":"category","embeddable":true,"href":"https:\/\/analyse.optim.biz\/index.php?rest_route=%2Fwp%2Fv2%2Fcategories&post=376148"},{"taxonomy":"post_tag","embeddable":true,"href":"https:\/\/analyse.optim.biz\/index.php?rest_route=%2Fwp%2Fv2%2Ftags&post=376148"}],"curies":[{"name":"wp","href":"https:\/\/api.w.org\/{rel}","templated":true}]}}