{"id":376147,"date":"2015-09-24T12:41:00","date_gmt":"2015-09-24T09:41:00","guid":{"rendered":"https:\/\/analyse.optim.biz\/?p=376147"},"modified":"2015-09-24T12:41:00","modified_gmt":"2015-09-24T09:41:00","slug":"sorin-oprescu-examinat-de-un-medic-nominalizat-expres-in-arestul-central","status":"publish","type":"post","link":"https:\/\/analyse.optim.biz\/?p=376147","title":{"rendered":"Sorin Oprescu, examinat de un medic nominalizat expres, \u00een Arestul Central"},"content":{"rendered":"<div class=\"description\" data-key=\"description\">Sorin Oprescu va fi consultat \u00een cabinetul medical din Arestul Central, de medicul specialist pe care primarul suspendat al Capitalei \u00eel dore\u015fte, iar acesta va decide asupra tratamentului, potrivit unor oficiali din Poli\u0163ia Capitalei<\/div>\n<div class=\"articleBody\" data-key=\"articleBody\">Sorin Oprescu va fi consultat \u00een cabinetul medical din Arestul Central, de medicul specialist pe care primarul suspendat al Capitalei \u00eel dore\u015fte, iar acesta va decide asupra tratamentului, potrivit unor oficiali din Poli\u0163ia Capitalei.<\/p>\n<p>&#8220;Urmare la solicitarea formulat\u0103 de c\u0103tre persoana arestat\u0103 preventiv \u015fi \u00eencarcerat\u0103 \u00een arestul Direc\u0163iei Generale de Poli\u0163ie a Municipiului Bucure\u015fti, \u00een data de 23.09.2015, \u00een respectarea prevederilor art. 71 pct. 6 din Legea nr. 254\/2013, factorii decizionali (CMDTA Doctor Nicolae Kretzulescu) au stabilit c\u0103 persoana \u00een cauz\u0103 poate fi examinat\u0103 de c\u0103tre un medic nominalizat expres, la locul de de\u0163inere, urm\u00e2nd ca personalul medical ce are \u00een supraveghere persoanele re\u0163inute\/arestate preventiv s\u0103 permit\u0103 efectuarea acestui consult la nivelul cabinetului medical din interiorul Centrului de Re\u0163inere \u015fi Arestare Preventiv\u0103&#8221;, se arat\u0103 \u00eentr-un comunicat de pres\u0103 al Poli\u0163iei Capitalei transmis miercuri<br \/>\n\u00cen cazul \u00een care starea de s\u0103n\u0103tate a lui Sorin Oprescu o impune, medicul ce \u00eel are \u00een supraveghere va decide asupra conduitei terapeutice de urmat, a precizat sursa citat\u0103.<br \/>\nAvoca\u0163ii primarului suspendat al Capitalei au solicitat, mar\u0163i, comisiei de la Arestul Central al Poli\u0163iei Capitalei s\u0103 \u00eei permit\u0103 lui Sorin Oprescu s\u0103 fie consultat la Spitalul Universitar de Urgen\u0163\u0103 Bucure\u015fti, de trei dintre medicii s\u0103i curan\u0163i, pentru probleme cardiace, care s-au amplificat \u00een ultima perioad\u0103.<\/p>\n<p>Miercuri diminea\u0163\u0103, avocatul Viorel Mocanu a declarat c\u0103 cererea a fost aprobat\u0103 \u00een regim de urgen\u0163\u0103, dar de\u015fi Sorin Oprescu \u015fi ap\u0103rarea ar fi dorit s\u0103 se aprobe un transfer la Spitalul Universitar de Urgen\u0163\u0103, sunt mul\u0163umi\u0163i de avizarea solicit\u0103rii \u015fi \u00eencrez\u0103tori \u00een serviciile medicale din Spitalul Militar.<br \/>\n&#8220;Important este s\u0103 fie stabilizat \u015fi fixat\u0103 problema medical\u0103, pentru a nu se agrava mai mult dec\u00e2t este acum, pentru c\u0103 trebuie s\u0103 ias\u0103 din arest a\u015fa cum a intrat&#8221;, a spus Viorel Mocanu.\u00a0<\/p><\/div>\n<p> Source URL: https:\/\/observatornews.ro\/politic\/sorin-oprescu-examinat-de-un-medic-nominalizat-expres-in-arestul-central-162249.html<\/p>\n","protected":false},"excerpt":{"rendered":"<p>Sorin Oprescu va fi consultat \u00een cabinetul medical din Arestul Central, de medicul specialist pe care primarul suspendat al Capitalei \u00eel dore\u015fte, iar acesta va decide asupra tratamentului, potrivit unor oficiali din Poli\u0163ia Capitalei Sorin Oprescu va fi consultat \u00een cabinetul medical din Arestul Central, de medicul specialist pe care primarul suspendat al Capitalei \u00eel [&hellip;]<\/p>\n","protected":false},"author":1,"featured_media":0,"comment_status":"open","ping_status":"","sticky":false,"template":"","format":"standard","meta":{"footnotes":""},"categories":[2],"tags":[30],"class_list":["post-376147","post","type-post","status-publish","format-standard","hentry","category-politics","tag-observatornews-ro"],"_links":{"self":[{"href":"https:\/\/analyse.optim.biz\/index.php?rest_route=\/wp\/v2\/posts\/376147","targetHints":{"allow":["GET"]}}],"collection":[{"href":"https:\/\/analyse.optim.biz\/index.php?rest_route=\/wp\/v2\/posts"}],"about":[{"href":"https:\/\/analyse.optim.biz\/index.php?rest_route=\/wp\/v2\/types\/post"}],"author":[{"embeddable":true,"href":"https:\/\/analyse.optim.biz\/index.php?rest_route=\/wp\/v2\/users\/1"}],"replies":[{"embeddable":true,"href":"https:\/\/analyse.optim.biz\/index.php?rest_route=%2Fwp%2Fv2%2Fcomments&post=376147"}],"version-history":[{"count":0,"href":"https:\/\/analyse.optim.biz\/index.php?rest_route=\/wp\/v2\/posts\/376147\/revisions"}],"wp:attachment":[{"href":"https:\/\/analyse.optim.biz\/index.php?rest_route=%2Fwp%2Fv2%2Fmedia&parent=376147"}],"wp:term":[{"taxonomy":"category","embeddable":true,"href":"https:\/\/analyse.optim.biz\/index.php?rest_route=%2Fwp%2Fv2%2Fcategories&post=376147"},{"taxonomy":"post_tag","embeddable":true,"href":"https:\/\/analyse.optim.biz\/index.php?rest_route=%2Fwp%2Fv2%2Ftags&post=376147"}],"curies":[{"name":"wp","href":"https:\/\/api.w.org\/{rel}","templated":true}]}}