{"id":375959,"date":"2015-09-30T07:39:00","date_gmt":"2015-09-30T04:39:00","guid":{"rendered":"https:\/\/analyse.optim.biz\/?p=375959"},"modified":"2015-09-30T07:39:00","modified_gmt":"2015-09-30T04:39:00","slug":"procurorii-cer-prelungirea-arestului-preventiv-pentru-sorin-oprescu","status":"publish","type":"post","link":"https:\/\/analyse.optim.biz\/?p=375959","title":{"rendered":"Procurorii cer prelungirea arestului preventiv pentru Sorin Oprescu"},"content":{"rendered":"<div class=\"description\" data-key=\"description\">Tribunalul Bucure\u0219ti judec\u0103 miercuri o cerere a procurorilor DNA de prelungire cu 30 de zile a m\u0103surii arestului preventiv pentru Sorin Oprescu, \u00een dosarul \u00een care acesta este acuzat de luare de mit\u0103<\/div>\n<div class=\"articleBody\" data-key=\"articleBody\">Tribunalul Bucure\u0219ti judec\u0103 miercuri o cerere a procurorilor DNA de prelungire cu 30 de zile a m\u0103surii arestului preventiv pentru Sorin Oprescu, \u00een dosarul \u00een care acesta este acuzat de luare de mit\u0103.\u00a0<br \/>\nPrimarul suspendat al Capitalei a fost arestat preventiv pe 7 septembrie, \u00eens\u0103 de atunci s-a confruntat cu mai multe probleme medicale.<br \/>\nDe altfel, el a fost internat recent la Spitalul Universitar de Urgen\u021b\u0103 Bucure\u0219ti, unde a fost supus unor investiga\u021bii am\u0103nun\u021bite, \u00eens\u0103 medicii au ajuns la concluzia c\u0103 nu sufer\u0103 de boli grave \u0219i poate fi tratat \u00een arest.<br \/>\nPotrivit DNA, \u00een perioada 2013 \u2014 2015, un grup bine organizat, la care a aderat \u0219i Sorin Oprescu, a \u00eenfiin\u021bat \u00een administra\u021bia local\u0103 din municipiul Bucure\u0219ti un sistem prin care operatorii economici care doreau s\u0103 primeasc\u0103 anumite contracte din partea institu\u021biilor publice aflate \u00een subordinea primarului trebuiau s\u0103 remit\u0103 o parte din profitul brut realizat din execu\u021bia acelora, cu titlu de mit\u0103, unor factori de decizie din cadrul aparatului primarului.<\/div>\n<p> Source URL: https:\/\/observatornews.ro\/politic\/procurorii-cer-prelungirea-arestului-preventiv-pentru-sorin-oprescu-162649.html<\/p>\n","protected":false},"excerpt":{"rendered":"<p>Tribunalul Bucure\u0219ti judec\u0103 miercuri o cerere a procurorilor DNA de prelungire cu 30 de zile a m\u0103surii arestului preventiv pentru Sorin Oprescu, \u00een dosarul \u00een care acesta este acuzat de luare de mit\u0103 Tribunalul Bucure\u0219ti judec\u0103 miercuri o cerere a procurorilor DNA de prelungire cu 30 de zile a m\u0103surii arestului preventiv pentru Sorin Oprescu, [&hellip;]<\/p>\n","protected":false},"author":1,"featured_media":0,"comment_status":"open","ping_status":"","sticky":false,"template":"","format":"standard","meta":{"footnotes":""},"categories":[2],"tags":[30],"class_list":["post-375959","post","type-post","status-publish","format-standard","hentry","category-politics","tag-observatornews-ro"],"_links":{"self":[{"href":"https:\/\/analyse.optim.biz\/index.php?rest_route=\/wp\/v2\/posts\/375959","targetHints":{"allow":["GET"]}}],"collection":[{"href":"https:\/\/analyse.optim.biz\/index.php?rest_route=\/wp\/v2\/posts"}],"about":[{"href":"https:\/\/analyse.optim.biz\/index.php?rest_route=\/wp\/v2\/types\/post"}],"author":[{"embeddable":true,"href":"https:\/\/analyse.optim.biz\/index.php?rest_route=\/wp\/v2\/users\/1"}],"replies":[{"embeddable":true,"href":"https:\/\/analyse.optim.biz\/index.php?rest_route=%2Fwp%2Fv2%2Fcomments&post=375959"}],"version-history":[{"count":0,"href":"https:\/\/analyse.optim.biz\/index.php?rest_route=\/wp\/v2\/posts\/375959\/revisions"}],"wp:attachment":[{"href":"https:\/\/analyse.optim.biz\/index.php?rest_route=%2Fwp%2Fv2%2Fmedia&parent=375959"}],"wp:term":[{"taxonomy":"category","embeddable":true,"href":"https:\/\/analyse.optim.biz\/index.php?rest_route=%2Fwp%2Fv2%2Fcategories&post=375959"},{"taxonomy":"post_tag","embeddable":true,"href":"https:\/\/analyse.optim.biz\/index.php?rest_route=%2Fwp%2Fv2%2Ftags&post=375959"}],"curies":[{"name":"wp","href":"https:\/\/api.w.org\/{rel}","templated":true}]}}