{"id":375957,"date":"2015-09-30T11:26:00","date_gmt":"2015-09-30T08:26:00","guid":{"rendered":"https:\/\/analyse.optim.biz\/?p=375957"},"modified":"2015-09-30T11:26:00","modified_gmt":"2015-09-30T08:26:00","slug":"ponta-a-declarat-ca-republica-moldova-trebuie-ajutata","status":"publish","type":"post","link":"https:\/\/analyse.optim.biz\/?p=375957","title":{"rendered":"Ponta a declarat c\u0103 Republica Moldova trebuie ajutat\u0103"},"content":{"rendered":"<div class=\"description\" data-key=\"description\">Premierul Victor Ponta a anun\u021bat, miercuri, c\u0103 Guvernul urmeaz\u0103 s\u0103 aprobe memorandumul prin care se va acorda un ajutor rambursabil de 150 de milioane de euro Republicii Moldova. \u00cen opinia lui, f\u0103r\u0103 acesta, &#8220;\u021bara poate s\u0103 ajung\u0103 \u00een situa\u021bia \u00een care for\u021bele politice pro-ruse pun din nou st\u0103p\u00e2nire pe ea ca acum 70 de ani&#8221;.<\/div>\n<div class=\"articleBody\" data-key=\"articleBody\">\u00a0Premierul Victor Ponta a anun\u021bat, miercuri, c\u0103 Guvernul urmeaz\u0103 s\u0103 aprobe memorandumul prin care se va acorda un ajutor rambursabil de 150 de milioane de euro Republicii Moldova. \u00cen opinia lui, f\u0103r\u0103 acesta, &#8220;\u021bara poate s\u0103 ajung\u0103 \u00een situa\u021bia \u00een care for\u021bele politice pro-ruse pun din nou st\u0103p\u00e2nire pe ea ca acum 70 de ani&#8221;.<br \/>\n&#8220;Avem memorandumul privind aprobarea acordului de ajutor rambursabil de 150 de milioane de euro pentru Republica Moldova. Este un moment dificil \u0219i, dac\u0103 nu \u00eei ajut\u0103m noi, nu are cine s\u0103-i ajute \u00een acest moment. Dac\u0103 nu \u00eei ajut\u0103m, \u021bara poate s\u0103 ajung\u0103 \u00een situa\u021bia \u00een care for\u021bele politice pro-ruse pun din nou st\u0103p\u00e2nire ca acum 70 de ani pe Moldova. \u0218i cred c\u0103 este datoria noastr\u0103 fundamental\u0103&#8221;, a spus Ponta, la \u00eenceputul \u0219edin\u021bei de guvern.<br \/>\nPremierul a mai sus\u021binut c\u0103 a prezentat acordul financiar at\u00e2t coali\u021biei de guvernare, c\u00e2t \u0219i pre\u0219edintelui Klaus Iohannis.<br \/>\n&#8220;Sper s\u0103 existe \u00een Rom\u00e2nia, la Bucure\u0219ti, un consens (&#8230;) pentru acest sprijin puternic de care este nevoie acum&#8221;, a men\u021bionat Ponta.<br \/>\nSursa: AGERPRES<\/div>\n<p> Source URL: https:\/\/observatornews.ro\/politic\/ponta-a-declarat-ca-republica-moldova-trebuie-ajutata-162672.html<\/p>\n","protected":false},"excerpt":{"rendered":"<p>Premierul Victor Ponta a anun\u021bat, miercuri, c\u0103 Guvernul urmeaz\u0103 s\u0103 aprobe memorandumul prin care se va acorda un ajutor rambursabil de 150 de milioane de euro Republicii Moldova. \u00cen opinia lui, f\u0103r\u0103 acesta, &#8220;\u021bara poate s\u0103 ajung\u0103 \u00een situa\u021bia \u00een care for\u021bele politice pro-ruse pun din nou st\u0103p\u00e2nire pe ea ca acum 70 de ani&#8221;. [&hellip;]<\/p>\n","protected":false},"author":1,"featured_media":0,"comment_status":"open","ping_status":"","sticky":false,"template":"","format":"standard","meta":{"footnotes":""},"categories":[2],"tags":[30],"class_list":["post-375957","post","type-post","status-publish","format-standard","hentry","category-politics","tag-observatornews-ro"],"_links":{"self":[{"href":"https:\/\/analyse.optim.biz\/index.php?rest_route=\/wp\/v2\/posts\/375957","targetHints":{"allow":["GET"]}}],"collection":[{"href":"https:\/\/analyse.optim.biz\/index.php?rest_route=\/wp\/v2\/posts"}],"about":[{"href":"https:\/\/analyse.optim.biz\/index.php?rest_route=\/wp\/v2\/types\/post"}],"author":[{"embeddable":true,"href":"https:\/\/analyse.optim.biz\/index.php?rest_route=\/wp\/v2\/users\/1"}],"replies":[{"embeddable":true,"href":"https:\/\/analyse.optim.biz\/index.php?rest_route=%2Fwp%2Fv2%2Fcomments&post=375957"}],"version-history":[{"count":0,"href":"https:\/\/analyse.optim.biz\/index.php?rest_route=\/wp\/v2\/posts\/375957\/revisions"}],"wp:attachment":[{"href":"https:\/\/analyse.optim.biz\/index.php?rest_route=%2Fwp%2Fv2%2Fmedia&parent=375957"}],"wp:term":[{"taxonomy":"category","embeddable":true,"href":"https:\/\/analyse.optim.biz\/index.php?rest_route=%2Fwp%2Fv2%2Fcategories&post=375957"},{"taxonomy":"post_tag","embeddable":true,"href":"https:\/\/analyse.optim.biz\/index.php?rest_route=%2Fwp%2Fv2%2Ftags&post=375957"}],"curies":[{"name":"wp","href":"https:\/\/api.w.org\/{rel}","templated":true}]}}