{"id":375955,"date":"2015-09-30T12:20:00","date_gmt":"2015-09-30T09:20:00","guid":{"rendered":"https:\/\/analyse.optim.biz\/?p=375955"},"modified":"2015-09-30T12:20:00","modified_gmt":"2015-09-30T09:20:00","slug":"iohannis-apara-valoarea-sociala-si-culturala-adaugata-de-toate-etniile","status":"publish","type":"post","link":"https:\/\/analyse.optim.biz\/?p=375955","title":{"rendered":"Iohannis ap\u0103r\u0103 valoarea social\u0103 \u0219i cultural\u0103 ad\u0103ugat\u0103 de toate etniile"},"content":{"rendered":"<div class=\"description\" data-key=\"description\">Pre\u0219edintele Klaus Iohannis a afirmat \u00een mesajul transmis cu ocazia celor 25 de ani de la re\u00eenfiin\u021barea Uniunii Armenilor din Rom\u00e2nia, c\u0103 vechimea rela\u021biilor dintre armeni \u0219i locuitorii meleagurilor Rom\u00e2niei de ast\u0103zi este o punte de convie\u021buire \u0219i o \u00eempletire a valorilor culturii, artei \u0219i aspira\u021biilor<\/div>\n<div class=\"articleBody\" data-key=\"articleBody\">\u00a0Pre\u0219edintele Klaus Iohannis a afirmat \u00een mesajul transmis cu ocazia celor 25 de ani de la re\u00eenfiin\u021barea Uniunii Armenilor din Rom\u00e2nia, c\u0103 vechimea rela\u021biilor dintre armeni \u0219i locuitorii meleagurilor Rom\u00e2niei de ast\u0103zi este o punte de convie\u021buire \u0219i o \u00eempletire a valorilor culturii, artei \u0219i aspira\u021biilor.<br \/>\n&#8220;Istoria nu ne-a cru\u021bat, pun\u00e2ndu-ne deseori \u00een fa\u021ba unor situa\u021bii \u00een care singura speran\u021b\u0103 a stat \u00een credin\u021b\u0103 \u0219i \u00een solidaritate&#8221;, a subliniat \u0219eful statului, care a ad\u0103ugat c\u0103 acestea sunt valori fundamentale \u0219i ast\u0103zi, c\u00e2nd, anivers\u00e2nd re\u00eenfiin\u021barea dup\u0103 1990 a Uniunii Armenilor din Rom\u00e2nia, sunt rememorate momentele dramatice ale comunit\u0103\u021bii armene de la \u00eenceputul secolului al XX-lea.<br \/>\n&#8220;Mi-am propus ca \u00een mandatul meu s\u0103 salut, s\u0103 subliniez, s\u0103 ap\u0103r \u0219i s\u0103 popularizez valoarea social\u0103 \u0219i cultural\u0103 ad\u0103ugat\u0103 de toate etniile ce \u0219i-au g\u0103sit \u00een decursul istoriei destinul pe teritoriul Rom\u00e2niei. \u00cen \u021bara noastr\u0103 recunoa\u0219tem contribu\u021bia valoroas\u0103 a tuturor comunit\u0103\u021bilor etnice \u0219i cultelor legal recunoscute la bog\u0103\u021bia diversit\u0103\u021bii noastre culturale. Rom\u00e2nia \u00ee\u0219i poate afirma cu m\u00e2ndrie \u00een plan interna\u021bional experien\u021ba \u0219i expertiza \u00een domeniul dialogului \u0219i toleran\u021bei. Promovarea identit\u0103\u021bii minorit\u0103\u021bilor este un lucru important, dar vreau s\u0103 subliniez c\u0103 valorizarea contribu\u021biei minorit\u0103\u021bilor etnice \u0219i dialogul intercultural nu sunt practicate \u00een Rom\u00e2nia ca un produs de export. Privesc rolul statului ca generator \u0219i nucleu al unui proiect na\u021bional modern, un proiect prin care to\u021bi rom\u00e2nii s\u0103 aib\u0103 o \u0219ans\u0103 autentic\u0103 \u00een a se \u00eemplini prin for\u021be proprii, pentru c\u0103 na\u021biunea \u2014 comunitatea de interese na\u021bionale, dar \u0219i locale, etnice, religioase \u2014 s\u0103-\u0219i (re)afirme identitatea \u0219i demnitatea&#8221;, a punctat pre\u0219edintele Iohannis, \u00een mesajul care a fost citit \u00een cadrul ceremoniei aniversare de consilierul preziden\u021bial Sergiu Nistor.<br \/>\n\u0218eful statului a ar\u0103tat c\u0103 vede minorit\u0103\u021bile &#8220;ca o punte \u00eentre Rom\u00e2nia \u0219i \u021b\u0103rile vecine&#8221; \u0219i a chemat &#8220;la asumarea convie\u021buirii istorice \u0219i a dialogului intercultural ca un tezaur constitutiv pe care e cl\u0103dit\u0103 societatea contemporan\u0103&#8221;.<br \/>\n&#8220;Proiectele minorit\u0103\u021bilor, inclusiv cele ale armenilor, sunt parte a proiectului na\u021bional, valorile grupurilor etnice ori religioase sunt \u0219i valorile na\u021biunii. \u00cen cur\u00e2nd vom celebra 100 de ani de unitate \u0219i modernitate a statului rom\u00e2n. Succesiv, \u00een 2019, Rom\u00e2nia \u00ee\u0219i va asuma pentru prima dat\u0103 pre\u0219edin\u021bia Uniunii Europene. Aceste dou\u0103 momente, \u00eentr-o simbolic\u0103 succesiune al\u0103turate, ne spun c\u0103 destinul Rom\u00e2niei moderne este direct, indisolubil legat de misiunea \u0219i apartenen\u021ba sa european\u0103. Pe acest drum v\u0103 chem s\u0103 p\u0103\u0219im cu \u00eencredere \u00eempreun\u0103&#8221;, a mai transmis Klaus Iohannis \u00een mesaj.<br \/>\nSursa: AGERPRES\n<\/div>\n<p> Source URL: https:\/\/observatornews.ro\/politic\/iohannis-apara-valoarea-sociala-i-culturala-adaugata-de-toate-etniile-162676.html<\/p>\n","protected":false},"excerpt":{"rendered":"<p>Pre\u0219edintele Klaus Iohannis a afirmat \u00een mesajul transmis cu ocazia celor 25 de ani de la re\u00eenfiin\u021barea Uniunii Armenilor din Rom\u00e2nia, c\u0103 vechimea rela\u021biilor dintre armeni \u0219i locuitorii meleagurilor Rom\u00e2niei de ast\u0103zi este o punte de convie\u021buire \u0219i o \u00eempletire a valorilor culturii, artei \u0219i aspira\u021biilor \u00a0Pre\u0219edintele Klaus Iohannis a afirmat \u00een mesajul transmis cu [&hellip;]<\/p>\n","protected":false},"author":1,"featured_media":375956,"comment_status":"open","ping_status":"","sticky":false,"template":"","format":"standard","meta":{"footnotes":""},"categories":[2],"tags":[30],"class_list":["post-375955","post","type-post","status-publish","format-standard","has-post-thumbnail","hentry","category-politics","tag-observatornews-ro"],"_links":{"self":[{"href":"https:\/\/analyse.optim.biz\/index.php?rest_route=\/wp\/v2\/posts\/375955","targetHints":{"allow":["GET"]}}],"collection":[{"href":"https:\/\/analyse.optim.biz\/index.php?rest_route=\/wp\/v2\/posts"}],"about":[{"href":"https:\/\/analyse.optim.biz\/index.php?rest_route=\/wp\/v2\/types\/post"}],"author":[{"embeddable":true,"href":"https:\/\/analyse.optim.biz\/index.php?rest_route=\/wp\/v2\/users\/1"}],"replies":[{"embeddable":true,"href":"https:\/\/analyse.optim.biz\/index.php?rest_route=%2Fwp%2Fv2%2Fcomments&post=375955"}],"version-history":[{"count":0,"href":"https:\/\/analyse.optim.biz\/index.php?rest_route=\/wp\/v2\/posts\/375955\/revisions"}],"wp:featuredmedia":[{"embeddable":true,"href":"https:\/\/analyse.optim.biz\/index.php?rest_route=\/wp\/v2\/media\/375956"}],"wp:attachment":[{"href":"https:\/\/analyse.optim.biz\/index.php?rest_route=%2Fwp%2Fv2%2Fmedia&parent=375955"}],"wp:term":[{"taxonomy":"category","embeddable":true,"href":"https:\/\/analyse.optim.biz\/index.php?rest_route=%2Fwp%2Fv2%2Fcategories&post=375955"},{"taxonomy":"post_tag","embeddable":true,"href":"https:\/\/analyse.optim.biz\/index.php?rest_route=%2Fwp%2Fv2%2Ftags&post=375955"}],"curies":[{"name":"wp","href":"https:\/\/api.w.org\/{rel}","templated":true}]}}