{"id":375849,"date":"2015-10-05T12:47:00","date_gmt":"2015-10-05T09:47:00","guid":{"rendered":"https:\/\/analyse.optim.biz\/?p=375849"},"modified":"2015-10-05T12:47:00","modified_gmt":"2015-10-05T09:47:00","slug":"titus-corlatean-la-dna","status":"publish","type":"post","link":"https:\/\/analyse.optim.biz\/?p=375849","title":{"rendered":"Titus Corl\u0103\u021bean, la DNA"},"content":{"rendered":"<div class=\"description\" data-key=\"description\">Senatorul Titus Corl\u0103\u021bean s-a prezentat, luni, la Direc\u021bia Na\u021bional\u0103 Anticorup\u021bie, fiind citat de procurori pentru a fi audiat \u00eentr-un dosar privind suspiciuni de corup\u021bie<\/div>\n<div class=\"articleBody\" data-key=\"articleBody\">Senatorul Titus Corl\u0103\u021bean s-a prezentat, luni, la Direc\u021bia Na\u021bional\u0103 Anticorup\u021bie, fiind citat de procurori pentru a fi audiat \u00eentr-un dosar privind suspiciuni de corup\u021bie<br \/>\n&#8221;Am venit, discut cu procurorii \u0219i vedem&#8221;, a afirmat, la intrare, fostul ministru de Externe, sus\u021bin\u00e2nd c\u0103 este citat \u00een calitate de martor.<br \/>\n\u00centrebat dac\u0103 este vorba despre dosarul &#8221;Diaspora&#8221;, el a spus: &#8221;Da&#8221;.<\/div>\n<p> Source URL: https:\/\/observatornews.ro\/politic\/titus-corlaean-la-dna-163035.html<\/p>\n","protected":false},"excerpt":{"rendered":"<p>Senatorul Titus Corl\u0103\u021bean s-a prezentat, luni, la Direc\u021bia Na\u021bional\u0103 Anticorup\u021bie, fiind citat de procurori pentru a fi audiat \u00eentr-un dosar privind suspiciuni de corup\u021bie Senatorul Titus Corl\u0103\u021bean s-a prezentat, luni, la Direc\u021bia Na\u021bional\u0103 Anticorup\u021bie, fiind citat de procurori pentru a fi audiat \u00eentr-un dosar privind suspiciuni de corup\u021bie &#8221;Am venit, discut cu procurorii \u0219i vedem&#8221;, [&hellip;]<\/p>\n","protected":false},"author":1,"featured_media":375850,"comment_status":"open","ping_status":"","sticky":false,"template":"","format":"standard","meta":{"footnotes":""},"categories":[2],"tags":[30],"class_list":["post-375849","post","type-post","status-publish","format-standard","has-post-thumbnail","hentry","category-politics","tag-observatornews-ro"],"_links":{"self":[{"href":"https:\/\/analyse.optim.biz\/index.php?rest_route=\/wp\/v2\/posts\/375849","targetHints":{"allow":["GET"]}}],"collection":[{"href":"https:\/\/analyse.optim.biz\/index.php?rest_route=\/wp\/v2\/posts"}],"about":[{"href":"https:\/\/analyse.optim.biz\/index.php?rest_route=\/wp\/v2\/types\/post"}],"author":[{"embeddable":true,"href":"https:\/\/analyse.optim.biz\/index.php?rest_route=\/wp\/v2\/users\/1"}],"replies":[{"embeddable":true,"href":"https:\/\/analyse.optim.biz\/index.php?rest_route=%2Fwp%2Fv2%2Fcomments&post=375849"}],"version-history":[{"count":0,"href":"https:\/\/analyse.optim.biz\/index.php?rest_route=\/wp\/v2\/posts\/375849\/revisions"}],"wp:featuredmedia":[{"embeddable":true,"href":"https:\/\/analyse.optim.biz\/index.php?rest_route=\/wp\/v2\/media\/375850"}],"wp:attachment":[{"href":"https:\/\/analyse.optim.biz\/index.php?rest_route=%2Fwp%2Fv2%2Fmedia&parent=375849"}],"wp:term":[{"taxonomy":"category","embeddable":true,"href":"https:\/\/analyse.optim.biz\/index.php?rest_route=%2Fwp%2Fv2%2Fcategories&post=375849"},{"taxonomy":"post_tag","embeddable":true,"href":"https:\/\/analyse.optim.biz\/index.php?rest_route=%2Fwp%2Fv2%2Ftags&post=375849"}],"curies":[{"name":"wp","href":"https:\/\/api.w.org\/{rel}","templated":true}]}}