{"id":375823,"date":"2015-10-05T20:49:00","date_gmt":"2015-10-05T17:49:00","guid":{"rendered":"https:\/\/analyse.optim.biz\/?p=375823"},"modified":"2015-10-05T20:49:00","modified_gmt":"2015-10-05T17:49:00","slug":"ponta-am-spus-ca-la-consiliul-eropean-se-duc-premierii-iohannis-m-a-certat-ca-stapanul-pe-iobagul-lui","status":"publish","type":"post","link":"https:\/\/analyse.optim.biz\/?p=375823","title":{"rendered":"Ponta: Am spus c\u0103 la Consiliul Eropean se duc premierii; Iohannis m-a certat ca st\u0103p\u00e2nul pe iobagul lui"},"content":{"rendered":"<div class=\"description\" data-key=\"description\">Premierul Victor Ponta a sus\u021binut, luni, c\u0103 pre\u0219edintele Klaus Iohannis l-a certat &#8220;ca st\u0103p\u00e2nul pe iobagul lui&#8221; dup\u0103 ce a spus c\u0103 la Consiliul European merg \u00een general prim-mini\u0219trii<\/div>\n<div class=\"articleBody\" data-key=\"articleBody\">Premierul Victor Ponta a sus\u021binut, luni, c\u0103 pre\u0219edintele Klaus Iohannis l-a certat &#8220;ca st\u0103p\u00e2nul pe iobagul lui&#8221; dup\u0103 ce a spus c\u0103 la Consiliul European merg \u00een general prim-mini\u0219trii.\u00a0<br \/>\n&#8220;La Consiliul European se duc \u00een general prim-mini\u0219trii pentru c\u0103 treburile discutate acolo, inclusiv cea cu refugia\u021bii, sunt o chestiune de guvern. At\u00e2t am zis. S-a sup\u0103rat domnul Iohannis, m-a certat ca st\u0103p\u00e2nul pe \u0219erbul, iobagul lui, m-a certat acolo, dar tot eu am dreptate. Sper (&#8230;) n-o s\u0103 mai fiu eu prim-ministru (&#8230;) sper s\u0103-l lase pe primul ministru la Consiliul European, c\u0103 a\u0219a e logic. (&#8230;) A\u0219a se \u00eent\u00e2mpl\u0103 \u00een toat\u0103 Europa \u0219i are sens. Acum, cu refugia\u021bii, de luat de la grani\u021b\u0103, de dus \u00een tab\u0103r\u0103&#8230; Cine, nu guvernul face asta? \u0218i toate celelalte decizii, cele care \u021bin de buget de exemplu, toate deciziile, mai pu\u021bin, sigur, politica extern\u0103 european\u0103&#8221;, a spus Ponta, la B1 TV.<br \/>\nPe de alt\u0103 parte, \u00een acela\u0219i context, premierul a afirmat despre \u0219eful statului c\u0103 ar avea &#8221;arogan\u021b\u0103 de baron&#8221;.<\/div>\n<p> Source URL: https:\/\/observatornews.ro\/politic\/ponta-am-spus-ca-la-consiliul-eropean-se-duc-premierii-iohannis-ma-certat-ca-stapanul-pe-iobagul-lui-163081.html<\/p>\n","protected":false},"excerpt":{"rendered":"<p>Premierul Victor Ponta a sus\u021binut, luni, c\u0103 pre\u0219edintele Klaus Iohannis l-a certat &#8220;ca st\u0103p\u00e2nul pe iobagul lui&#8221; dup\u0103 ce a spus c\u0103 la Consiliul European merg \u00een general prim-mini\u0219trii Premierul Victor Ponta a sus\u021binut, luni, c\u0103 pre\u0219edintele Klaus Iohannis l-a certat &#8220;ca st\u0103p\u00e2nul pe iobagul lui&#8221; dup\u0103 ce a spus c\u0103 la Consiliul European merg [&hellip;]<\/p>\n","protected":false},"author":1,"featured_media":0,"comment_status":"open","ping_status":"","sticky":false,"template":"","format":"standard","meta":{"footnotes":""},"categories":[2],"tags":[30],"class_list":["post-375823","post","type-post","status-publish","format-standard","hentry","category-politics","tag-observatornews-ro"],"_links":{"self":[{"href":"https:\/\/analyse.optim.biz\/index.php?rest_route=\/wp\/v2\/posts\/375823","targetHints":{"allow":["GET"]}}],"collection":[{"href":"https:\/\/analyse.optim.biz\/index.php?rest_route=\/wp\/v2\/posts"}],"about":[{"href":"https:\/\/analyse.optim.biz\/index.php?rest_route=\/wp\/v2\/types\/post"}],"author":[{"embeddable":true,"href":"https:\/\/analyse.optim.biz\/index.php?rest_route=\/wp\/v2\/users\/1"}],"replies":[{"embeddable":true,"href":"https:\/\/analyse.optim.biz\/index.php?rest_route=%2Fwp%2Fv2%2Fcomments&post=375823"}],"version-history":[{"count":0,"href":"https:\/\/analyse.optim.biz\/index.php?rest_route=\/wp\/v2\/posts\/375823\/revisions"}],"wp:attachment":[{"href":"https:\/\/analyse.optim.biz\/index.php?rest_route=%2Fwp%2Fv2%2Fmedia&parent=375823"}],"wp:term":[{"taxonomy":"category","embeddable":true,"href":"https:\/\/analyse.optim.biz\/index.php?rest_route=%2Fwp%2Fv2%2Fcategories&post=375823"},{"taxonomy":"post_tag","embeddable":true,"href":"https:\/\/analyse.optim.biz\/index.php?rest_route=%2Fwp%2Fv2%2Ftags&post=375823"}],"curies":[{"name":"wp","href":"https:\/\/api.w.org\/{rel}","templated":true}]}}