{"id":375822,"date":"2015-10-06T08:38:00","date_gmt":"2015-10-06T05:38:00","guid":{"rendered":"https:\/\/analyse.optim.biz\/?p=375822"},"modified":"2015-10-06T08:38:00","modified_gmt":"2015-10-06T05:38:00","slug":"sorin-oprescu-ramane-in-arest-preventiv","status":"publish","type":"post","link":"https:\/\/analyse.optim.biz\/?p=375822","title":{"rendered":"Sorin Oprescu r\u0103m\u00e2ne \u00een arest preventiv"},"content":{"rendered":"<div class=\"description\" data-key=\"description\">Curtea de Apel Bucure\u0219ti a respins definitiv mar\u021bi cererea primarului suspendat al Capitalei, Sorin Oprescu, de \u00eenlocuirea a arestului preventiv cu o m\u0103sur\u0103 mai u\u0219oar\u0103, arestul la domiciliu sau controlul judiciar, \u00een dosarul \u00een care este acuzat de luare de mit\u0103<\/div>\n<div class=\"articleBody\" data-key=\"articleBody\">Curtea de Apel Bucure\u0219ti a respins definitiv mar\u021bi cererea primarului suspendat al Capitalei, Sorin Oprescu, de \u00eenlocuirea a arestului preventiv cu o m\u0103sur\u0103 mai u\u0219oar\u0103, arestul la domiciliu sau controlul judiciar, \u00een dosarul \u00een care este acuzat de luare de mit\u0103<br \/>\nJudec\u0103torii de la Curtea de Apel Bucure\u0219ti i-au respins lui Sorin Oprescu o contesta\u021bie, dup\u0103 ce acesta primise o decizie nefavorabil\u0103 pe 25 septembrie din partea Tribunalului Bucure\u0219ti.<br \/>\nOprescu a fost arestat preventiv pe 7 septembrie, iar de atunci s-a confruntat cu mai multe probleme medicale, el fiind internat patru zile la Spitalul Universitar de Urgen\u021b\u0103 Bucure\u0219ti, unde a fost supus unor investiga\u021bii am\u0103nun\u021bite.<br \/>\nPotrivit DNA, \u00een perioada 2013 \u2014 2015, un grup bine organizat, la care a aderat \u0219i Sorin Oprescu, a \u00eenfiin\u021bat \u00een administra\u021bia local\u0103 din municipiul Bucure\u0219ti un sistem prin care operatorii economici care doreau s\u0103 primeasc\u0103 anumite contracte din partea institu\u021biilor publice aflate \u00een subordinea primarului trebuiau s\u0103 remit\u0103 o parte din profitul brut realizat, cu titlu de mit\u0103, unor factori de decizie din cadrul aparatului edilului-\u0219ef al Capitalei.<br \/>\n&#8220;Astfel, executantul p\u0103stra pentru sine \u00eentre 30% \u0219i 33% din profitul brut, iar diferen\u021ba era remis\u0103 func\u021bionarilor din cadrul aparatului primarului municipiului Bucure\u0219ti, cu titlul de mit\u0103, un procent de 10% din valoarea contractului fiind cerut pentru Oprescu. Concret, membrii grupului, persoane cu func\u021bii de conducere din cadrul a dou\u0103 institu\u021bii publice din subordinea primarului municipiului Bucure\u0219ti, facilitau c\u00e2\u0219tigarea contractului, vorbeau cu angaja\u021bii din subordine s\u0103 accepte documenta\u021bia de atribuire, precum \u0219i s\u0103 aprobe \u0219i s\u0103 dispun\u0103 efectuarea pl\u0103\u021bii facturilor emise de firmele respective foarte repede fa\u021b\u0103 de momentul factur\u0103rii, totodat\u0103 solicit\u00e2nd sume de bani pentru persoane cu func\u021bii de conducere \u00een aparatul primarului municipiului Bucure\u0219ti, precum \u0219i pentru primar&#8221;, preciza DNA.<br \/>\nPe 5 septembrie, Sorin Oprescu a primit la locuin\u021ba sa din Ciolpani suma de 25.000 de euro de la subalternul s\u0103u Bogdan Popa, director al Centrului Cultural Palatele Br\u00e2ncovene\u0219ti, bani care ar proveni, conform DNA, din acte de corup\u021bie.<\/div>\n<p> Source URL: https:\/\/observatornews.ro\/politic\/sorin-oprescu-ramane-in-arest-preventiv-163112.html<\/p>\n","protected":false},"excerpt":{"rendered":"<p>Curtea de Apel Bucure\u0219ti a respins definitiv mar\u021bi cererea primarului suspendat al Capitalei, Sorin Oprescu, de \u00eenlocuirea a arestului preventiv cu o m\u0103sur\u0103 mai u\u0219oar\u0103, arestul la domiciliu sau controlul judiciar, \u00een dosarul \u00een care este acuzat de luare de mit\u0103 Curtea de Apel Bucure\u0219ti a respins definitiv mar\u021bi cererea primarului suspendat al Capitalei, Sorin [&hellip;]<\/p>\n","protected":false},"author":1,"featured_media":0,"comment_status":"open","ping_status":"","sticky":false,"template":"","format":"standard","meta":{"footnotes":""},"categories":[2],"tags":[30],"class_list":["post-375822","post","type-post","status-publish","format-standard","hentry","category-politics","tag-observatornews-ro"],"_links":{"self":[{"href":"https:\/\/analyse.optim.biz\/index.php?rest_route=\/wp\/v2\/posts\/375822","targetHints":{"allow":["GET"]}}],"collection":[{"href":"https:\/\/analyse.optim.biz\/index.php?rest_route=\/wp\/v2\/posts"}],"about":[{"href":"https:\/\/analyse.optim.biz\/index.php?rest_route=\/wp\/v2\/types\/post"}],"author":[{"embeddable":true,"href":"https:\/\/analyse.optim.biz\/index.php?rest_route=\/wp\/v2\/users\/1"}],"replies":[{"embeddable":true,"href":"https:\/\/analyse.optim.biz\/index.php?rest_route=%2Fwp%2Fv2%2Fcomments&post=375822"}],"version-history":[{"count":0,"href":"https:\/\/analyse.optim.biz\/index.php?rest_route=\/wp\/v2\/posts\/375822\/revisions"}],"wp:attachment":[{"href":"https:\/\/analyse.optim.biz\/index.php?rest_route=%2Fwp%2Fv2%2Fmedia&parent=375822"}],"wp:term":[{"taxonomy":"category","embeddable":true,"href":"https:\/\/analyse.optim.biz\/index.php?rest_route=%2Fwp%2Fv2%2Fcategories&post=375822"},{"taxonomy":"post_tag","embeddable":true,"href":"https:\/\/analyse.optim.biz\/index.php?rest_route=%2Fwp%2Fv2%2Ftags&post=375822"}],"curies":[{"name":"wp","href":"https:\/\/api.w.org\/{rel}","templated":true}]}}