{"id":375723,"date":"2015-10-12T16:13:29","date_gmt":"2015-10-12T13:13:29","guid":{"rendered":"https:\/\/analyse.optim.biz\/?p=375723"},"modified":"2015-10-12T16:13:29","modified_gmt":"2015-10-12T13:13:29","slug":"oana-zavoranu-vrea-sa-devina-presedintele-prm","status":"publish","type":"post","link":"https:\/\/analyse.optim.biz\/?p=375723","title":{"rendered":"Oana Z\u0103voranu vrea s\u0103 devin\u0103 pre\u0219edintele PRM"},"content":{"rendered":"<div class=\"description\" data-key=\"description\">Oana Z\u0103voranu intr\u0103 \u00een politic\u0103. Nu oricum, ci direct \u00een cursa pentru \u015fefia Partidului Rom\u00e2nia Mare. Starleta a anun\u0163at c\u0103 e preg\u0103tit\u0103 s\u0103-i ia locul lui Vadim Tudor \u00een fruntea PRM. O ajut\u0103, spune ea, v\u00e2rsta \u015fi popularitatea \u00een r\u00e2ndul maselor.<\/div>\n<div class=\"articleBody\" data-key=\"articleBody\">\u00a0Oana Z\u0103voranu intr\u0103 \u00een politic\u0103. Nu oricum, ci direct \u00een cursa pentru \u015fefia Partidului Rom\u00e2nia Mare. Starleta a anun\u0163at c\u0103 e preg\u0103tit\u0103 s\u0103-i ia locul lui Vadim Tudor \u00een fruntea PRM. O ajut\u0103, spune ea, v\u00e2rsta \u015fi popularitatea \u00een r\u00e2ndul maselor.<br \/>\nDecolteu ad\u00e2nc, privire fioroas\u0103, bra\u0163e tatuate, rochii franjurate. A\u015fa ar putea ar\u0103ta cel mai excentric pre\u015fedinte de partid din Rom\u00e2nia. Oana Z\u0103voranu.<br \/>\nVadim, spune Oana, pl\u0103nuia s\u0103 o fac\u0103 secretar general al partidului. Acum, c\u0103 el s-a stins, starleta are aspira\u0163ii \u015fi mai \u00eenalte. Vrea s\u0103-i ia locul tribunului.<br \/>\nInteresul Oanei Z\u0103voranu pentru partid e vechi. Chiar Vadim a atras-o \u00een politic\u0103.<br \/>\n\u00cen 2008, starleta st\u0103tea la dreapta lui Vadim \u015fi anun\u0163a c\u0103 are planuri mari \u00een politic\u0103. Era dispus\u0103 \u015fi la sacrificii.<br \/>\nDar sacrificiul ei a fost zadarnic. Partidul condus de Tribun a intrat la scurt timp \u00een declin. \u00cen 2011, Vadim s-a trezit evacuat din sediul central de un executor judec\u0103toresc.<br \/>\nEpisodul Paharul a \u015focat atunci Rom\u00e2nia.<br \/>\nVadim a trecut printr-un nou impas, c\u00e2nd fostul s\u0103u partener, Gheorghe Funar, a preluat conducerea. PRM a devenit atunci primul partid cu doi pre\u015fedin\u0163i. Soarta lui \u00eenc\u0103 se judec\u0103.<br \/>\nOana Z\u0103voranu e preg\u0103tit\u0103 de reconstruc\u0163ie. \u015ei exerseaz\u0103 deja discursul na\u0163ionalist.\n<\/div>\n<p> Source URL: https:\/\/observatornews.ro\/politic\/oana-zavoranu-vrea-sa-devina-preedintele-prm-163517.html<\/p>\n","protected":false},"excerpt":{"rendered":"<p>Oana Z\u0103voranu intr\u0103 \u00een politic\u0103. Nu oricum, ci direct \u00een cursa pentru \u015fefia Partidului Rom\u00e2nia Mare. Starleta a anun\u0163at c\u0103 e preg\u0103tit\u0103 s\u0103-i ia locul lui Vadim Tudor \u00een fruntea PRM. O ajut\u0103, spune ea, v\u00e2rsta \u015fi popularitatea \u00een r\u00e2ndul maselor. \u00a0Oana Z\u0103voranu intr\u0103 \u00een politic\u0103. Nu oricum, ci direct \u00een cursa pentru \u015fefia Partidului [&hellip;]<\/p>\n","protected":false},"author":1,"featured_media":0,"comment_status":"open","ping_status":"","sticky":false,"template":"","format":"standard","meta":{"footnotes":""},"categories":[2],"tags":[30],"class_list":["post-375723","post","type-post","status-publish","format-standard","hentry","category-politics","tag-observatornews-ro"],"_links":{"self":[{"href":"https:\/\/analyse.optim.biz\/index.php?rest_route=\/wp\/v2\/posts\/375723","targetHints":{"allow":["GET"]}}],"collection":[{"href":"https:\/\/analyse.optim.biz\/index.php?rest_route=\/wp\/v2\/posts"}],"about":[{"href":"https:\/\/analyse.optim.biz\/index.php?rest_route=\/wp\/v2\/types\/post"}],"author":[{"embeddable":true,"href":"https:\/\/analyse.optim.biz\/index.php?rest_route=\/wp\/v2\/users\/1"}],"replies":[{"embeddable":true,"href":"https:\/\/analyse.optim.biz\/index.php?rest_route=%2Fwp%2Fv2%2Fcomments&post=375723"}],"version-history":[{"count":0,"href":"https:\/\/analyse.optim.biz\/index.php?rest_route=\/wp\/v2\/posts\/375723\/revisions"}],"wp:attachment":[{"href":"https:\/\/analyse.optim.biz\/index.php?rest_route=%2Fwp%2Fv2%2Fmedia&parent=375723"}],"wp:term":[{"taxonomy":"category","embeddable":true,"href":"https:\/\/analyse.optim.biz\/index.php?rest_route=%2Fwp%2Fv2%2Fcategories&post=375723"},{"taxonomy":"post_tag","embeddable":true,"href":"https:\/\/analyse.optim.biz\/index.php?rest_route=%2Fwp%2Fv2%2Ftags&post=375723"}],"curies":[{"name":"wp","href":"https:\/\/api.w.org\/{rel}","templated":true}]}}