{"id":375687,"date":"2015-10-16T14:52:00","date_gmt":"2015-10-16T11:52:00","guid":{"rendered":"https:\/\/analyse.optim.biz\/?p=375687"},"modified":"2015-10-16T14:52:00","modified_gmt":"2015-10-16T11:52:00","slug":"declaratia-facuta-de-constantin-nita-despre-competitia-din-psd","status":"publish","type":"post","link":"https:\/\/analyse.optim.biz\/?p=375687","title":{"rendered":"Declara\u021bia f\u0103cut\u0103 de Constantin Ni\u021b\u0103 despre competi\u021bia din PSD"},"content":{"rendered":"<div class=\"description\" data-key=\"description\">Vicepre\u0219edintele PSD Constantin Ni\u021b\u0103, candidat la func\u021bia de pre\u0219edinte executiv al social-democra\u021bilor, a declarat c\u0103 are sus\u021binerea tuturor organiza\u021biilor, ad\u0103ug\u00e2nd c\u0103 a constatat c\u0103 exist\u0103 competi\u021bie \u00een partid.<\/div>\n<div class=\"articleBody\" data-key=\"articleBody\">\u00a0Vicepre\u0219edintele PSD Constantin Ni\u021b\u0103, candidat la func\u021bia de pre\u0219edinte executiv al social-democra\u021bilor, a declarat c\u0103 are sus\u021binerea tuturor organiza\u021biilor, ad\u0103ug\u00e2nd c\u0103 a constatat c\u0103 exist\u0103 competi\u021bie \u00een partid.<br \/>\n\u00centrebat care sunt organiza\u021biile care \u00eel sus\u021bin, Ni\u021b\u0103 a r\u0103spuns: &#8220;Toate. Am spus toate, nu cred c\u0103 exist\u0103 vreo organiza\u021bie \u00een \u021bar\u0103 care s\u0103 nu \u00eemi dea m\u0103car un vot&#8221;.<br \/>\nConstantin Ni\u021b\u0103 a afirmat, dup\u0103 \u0219edin\u021ba Comitetului Executiv Na\u021bional al PSD, c\u0103 a constatat c\u0103 exist\u0103 competi\u021bie \u00een partid. &#8220;Ast\u0103zi am constatat c\u0103 este competi\u021bie \u0219i asta m\u0103 bucur\u0103 foarte mult&#8221;, a spus Ni\u021b\u0103.<br \/>\nSursa: AGERPRES<\/div>\n<p> Source URL: https:\/\/observatornews.ro\/politic\/declaraia-facuta-de-constantin-nia-despre-competiia-din-psd-163845.html<\/p>\n","protected":false},"excerpt":{"rendered":"<p>Vicepre\u0219edintele PSD Constantin Ni\u021b\u0103, candidat la func\u021bia de pre\u0219edinte executiv al social-democra\u021bilor, a declarat c\u0103 are sus\u021binerea tuturor organiza\u021biilor, ad\u0103ug\u00e2nd c\u0103 a constatat c\u0103 exist\u0103 competi\u021bie \u00een partid. \u00a0Vicepre\u0219edintele PSD Constantin Ni\u021b\u0103, candidat la func\u021bia de pre\u0219edinte executiv al social-democra\u021bilor, a declarat c\u0103 are sus\u021binerea tuturor organiza\u021biilor, ad\u0103ug\u00e2nd c\u0103 a constatat c\u0103 exist\u0103 competi\u021bie \u00een [&hellip;]<\/p>\n","protected":false},"author":1,"featured_media":0,"comment_status":"open","ping_status":"","sticky":false,"template":"","format":"standard","meta":{"footnotes":""},"categories":[2],"tags":[30],"class_list":["post-375687","post","type-post","status-publish","format-standard","hentry","category-politics","tag-observatornews-ro"],"_links":{"self":[{"href":"https:\/\/analyse.optim.biz\/index.php?rest_route=\/wp\/v2\/posts\/375687","targetHints":{"allow":["GET"]}}],"collection":[{"href":"https:\/\/analyse.optim.biz\/index.php?rest_route=\/wp\/v2\/posts"}],"about":[{"href":"https:\/\/analyse.optim.biz\/index.php?rest_route=\/wp\/v2\/types\/post"}],"author":[{"embeddable":true,"href":"https:\/\/analyse.optim.biz\/index.php?rest_route=\/wp\/v2\/users\/1"}],"replies":[{"embeddable":true,"href":"https:\/\/analyse.optim.biz\/index.php?rest_route=%2Fwp%2Fv2%2Fcomments&post=375687"}],"version-history":[{"count":0,"href":"https:\/\/analyse.optim.biz\/index.php?rest_route=\/wp\/v2\/posts\/375687\/revisions"}],"wp:attachment":[{"href":"https:\/\/analyse.optim.biz\/index.php?rest_route=%2Fwp%2Fv2%2Fmedia&parent=375687"}],"wp:term":[{"taxonomy":"category","embeddable":true,"href":"https:\/\/analyse.optim.biz\/index.php?rest_route=%2Fwp%2Fv2%2Fcategories&post=375687"},{"taxonomy":"post_tag","embeddable":true,"href":"https:\/\/analyse.optim.biz\/index.php?rest_route=%2Fwp%2Fv2%2Ftags&post=375687"}],"curies":[{"name":"wp","href":"https:\/\/api.w.org\/{rel}","templated":true}]}}