{"id":375463,"date":"2015-10-23T08:43:00","date_gmt":"2015-10-23T05:43:00","guid":{"rendered":"https:\/\/analyse.optim.biz\/?p=375463"},"modified":"2015-10-23T08:43:00","modified_gmt":"2015-10-23T05:43:00","slug":"mugurel-florescu-fost-sef-al-parchetelor-militare-suspect-in-dosarul-mineriada","status":"publish","type":"post","link":"https:\/\/analyse.optim.biz\/?p=375463","title":{"rendered":"Mugurel Florescu, fost \u0219ef al parchetelor militare, suspect \u00een dosarul &#8220;Mineriada&#8221;"},"content":{"rendered":"<div class=\"description\" data-key=\"description\">Fostul \u0219ef al Direc\u021biei Procuraturilor Militare \u00een iunie 1990, Mugurel Florescu, s-a prezentat vineri la Parchetul General, unde procurorii i-au adus la cuno\u0219tin\u021b\u0103 c\u0103 are calitatea de suspect \u00een dosarul &#8220;Mineriada din 13-15 iunie 1990&#8221;, fiind acuzat de infrac\u021biuni \u00eempotriva umanit\u0103\u021bii<\/div>\n<div class=\"articleBody\" data-key=\"articleBody\">Fostul \u0219ef al Direc\u021biei Procuraturilor Militare \u00een iunie 1990, Mugurel Florescu, s-a prezentat vineri la Parchetul General, unde procurorii i-au adus la cuno\u0219tin\u021b\u0103 c\u0103 are calitatea de suspect \u00een dosarul &#8220;Mineriada din 13-15 iunie 1990&#8221;, fiind acuzat de infrac\u021biuni \u00eempotriva umanit\u0103\u021bii<br \/>\n&#8220;Am f\u0103cut o mare gre\u0219eal\u0103. Fiind \u00een rela\u021bii excep\u021bionale cu presa, la un moment dat (&#8230;), am spus c\u0103 sunt aproape de a afla adev\u0103rul, ceea ce nu era 100% exact. Am s\u0103 pun la dispozi\u021bia Parchetului acele articole din ziare \u00een care am spus c\u0103 sunt aproape de adev\u0103r. (&#8230;) Dup\u0103 ce am fost eliberat din func\u021bie, sau am fost dat afar\u0103, de trei ori s-a \u00eencercat s\u0103 mi se ia via\u021ba. De vin\u0103 cine s\u0103 fie?! S\u0103 spun sistemul?! (&#8230;) A\u0219 vrea s\u0103 ajut organul de procuratur\u0103 s\u0103 afle adev\u0103rul&#8221;, a declarat Florescu la ie\u0219irea din sediul Parchetului.<br \/>\nEl a ad\u0103ugat c\u0103 existau \u0219i solu\u021bii f\u0103r\u0103 violen\u021b\u0103 \u00een iunie &#8217;90, dar nu el este cel care a hot\u0103r\u00e2t.<br \/>\n&#8220;Este problema istoriei \u0219i mi se pare normal c\u0103 oamenii au nevoie de adev\u0103r. (&#8230;) Sunt fiu de colonel \u0219i mi-a pl\u0103cut foarte mult s\u0103 respect legile \u021b\u0103rii \u0219i adev\u0103rul. (&#8230;) Cine sunt vinova\u021bi o s\u0103 r\u0103spund\u0103. Nu pot s\u0103 v\u0103 spun cine, \u00een niciun caz&#8221;, a spus Mugurel Florescu.<br \/>\nEl a precizat c\u0103 nu este vorba de un sistem care ar purta \u00eentreaga r\u0103spundere pentru \u00eempiedicarea afl\u0103rii adev\u0103rului despre evenimentele din iunie &#8217;90: &#8220;L\u0103sa\u021bi sistemul, c\u0103 sunt 4-5 sisteme, fiecare are vina lui&#8221;.<\/p>\n<p>Miercuri, la Parchetul General au fost cita\u021bi \u00een acela\u0219i dosar fostul pre\u0219edinte Ion Iliescu, fostul director al SRI Virgil M\u0103gureanu \u0219i fostul ministru al Ap\u0103r\u0103rii Victor Atanasie St\u0103nculescu, pu\u0219i sub acuzare pentru infrac\u021biuni contra umanit\u0103\u021bii, prev\u0103zute de art. 439 din noul Cod penal.<br \/>\nJoi li s-au adus la cuno\u0219tin\u021b\u0103 acelea\u0219i acuza\u021bii \u0219i amiralului \u00een rezerv\u0103 Emil &#8220;Cico&#8221; Dumitrescu, lui Cazimir Ionescu, fost vicepre\u0219edinte CPUN, lui Miron Cozma, fost lider al minerilor din Valea Jiului. La Parchetul General a fost \u0219i fostul ministru al Transporturilor Gheorghe Dobre.<br \/>\nTotodat\u0103, procurorul general Tiberiu Ni\u021bu a solicitat pre\u0219edintelui Klaus Iohannis declan\u0219area procedurilor pentru formularea cererii de urm\u0103rire penal\u0103 fa\u021b\u0103 de Petre Roman, Victor Atanasie St\u0103nculescu \u0219i Gelu Voican Voiculescu sub aspectul s\u0103v\u00e2r\u0219irii infrac\u021biunii contra umanit\u0103\u021bii \u00een dosarul &#8220;Mineriada din 13-15 iunie 1990&#8221;, \u00eentruc\u00e2t faptele cercetate s-au petrecut \u00een perioada \u00een care ace\u0219tia aveau calitatea de mini\u0219tri. <\/p><\/div>\n<p> Source URL: https:\/\/observatornews.ro\/politic\/mugurel-florescu-fost-ef-al-parchetelor-militare-suspect-in-dosarul-mineriada-164361.html<\/p>\n","protected":false},"excerpt":{"rendered":"<p>Fostul \u0219ef al Direc\u021biei Procuraturilor Militare \u00een iunie 1990, Mugurel Florescu, s-a prezentat vineri la Parchetul General, unde procurorii i-au adus la cuno\u0219tin\u021b\u0103 c\u0103 are calitatea de suspect \u00een dosarul &#8220;Mineriada din 13-15 iunie 1990&#8221;, fiind acuzat de infrac\u021biuni \u00eempotriva umanit\u0103\u021bii Fostul \u0219ef al Direc\u021biei Procuraturilor Militare \u00een iunie 1990, Mugurel Florescu, s-a prezentat vineri [&hellip;]<\/p>\n","protected":false},"author":1,"featured_media":0,"comment_status":"open","ping_status":"","sticky":false,"template":"","format":"standard","meta":{"footnotes":""},"categories":[2],"tags":[30],"class_list":["post-375463","post","type-post","status-publish","format-standard","hentry","category-politics","tag-observatornews-ro"],"_links":{"self":[{"href":"https:\/\/analyse.optim.biz\/index.php?rest_route=\/wp\/v2\/posts\/375463","targetHints":{"allow":["GET"]}}],"collection":[{"href":"https:\/\/analyse.optim.biz\/index.php?rest_route=\/wp\/v2\/posts"}],"about":[{"href":"https:\/\/analyse.optim.biz\/index.php?rest_route=\/wp\/v2\/types\/post"}],"author":[{"embeddable":true,"href":"https:\/\/analyse.optim.biz\/index.php?rest_route=\/wp\/v2\/users\/1"}],"replies":[{"embeddable":true,"href":"https:\/\/analyse.optim.biz\/index.php?rest_route=%2Fwp%2Fv2%2Fcomments&post=375463"}],"version-history":[{"count":0,"href":"https:\/\/analyse.optim.biz\/index.php?rest_route=\/wp\/v2\/posts\/375463\/revisions"}],"wp:attachment":[{"href":"https:\/\/analyse.optim.biz\/index.php?rest_route=%2Fwp%2Fv2%2Fmedia&parent=375463"}],"wp:term":[{"taxonomy":"category","embeddable":true,"href":"https:\/\/analyse.optim.biz\/index.php?rest_route=%2Fwp%2Fv2%2Fcategories&post=375463"},{"taxonomy":"post_tag","embeddable":true,"href":"https:\/\/analyse.optim.biz\/index.php?rest_route=%2Fwp%2Fv2%2Ftags&post=375463"}],"curies":[{"name":"wp","href":"https:\/\/api.w.org\/{rel}","templated":true}]}}