{"id":375462,"date":"2015-10-23T19:43:00","date_gmt":"2015-10-23T16:43:00","guid":{"rendered":"https:\/\/analyse.optim.biz\/?p=375462"},"modified":"2015-10-23T19:43:00","modified_gmt":"2015-10-23T16:43:00","slug":"cum-a-reactionat-victor-ponta-cand-a-fost-intrebat-de-moartea-politistului-care-a-cazut-intr-o-groapa","status":"publish","type":"post","link":"https:\/\/analyse.optim.biz\/?p=375462","title":{"rendered":"Cum a reac\u0163ionat Victor Ponta c\u00e2nd a fost \u00eentrebat de moartea poli\u0163istului care a c\u0103zut \u00eentr-o groap\u0103!"},"content":{"rendered":"<div class=\"description\" data-key=\"description\">\u00cen cadrul unei conferin\u0163e, Victor Ponta a fost \u00eentrebat despre subiectul ultimelor zile, \u015fi anume moartea unui poli\u0163ist care \u00eenso\u0163ea coloana oficial\u0103 a vicepremierului Gabriel Oprea<\/div>\n<div class=\"articleBody\" data-key=\"articleBody\">\u00cen cadrul unei conferin\u0163e, Victor Ponta a fost \u00eentrebat despre subiectul ultimelor zile, \u015fi anume moartea unui poli\u0163ist care \u00eenso\u0163ea coloana oficial\u0103 a vicepremierului Gabriel Oprea.<br \/>\nLa conferin\u0163a de pres\u0103, Victor Ponta a fost \u00eentrebat \u015fi despre moartea poli\u0163istului care a murit dup\u0103 ce a c\u0103zut \u00eentr-o groap\u0103, \u00een timp ce escorta coloana oficial\u0103 a vicepremierului Gabriel Oprea.<br \/>\nPoliticianul a refuzat s\u0103 r\u0103spund\u0103, explic\u00e2nd c\u0103 moartea poli\u0163istului nu era tema conferin\u0163ei.<br \/>\n&#8220;\u00cemi cer mii de scuze, \u015ftiu c\u0103 dumneavoastr\u0103 nu respecta\u0163i niciodata regulile stabilite, eu le respect \u00eentotdeauna&#8221;, a r\u0103spuns Victor Ponta c\u00e2nd a fost \u00eentrebat despre moartea poli\u0163istului.<br \/>\n&#8220;\u00cen\u0163eleg c\u0103 vorbi\u0163i ca s\u0103 v\u0103 aud\u0103 \u015fefii. Am stabilit ni\u015fte reguli, cu excep\u0163ia dumneavoastr\u0103 toata lumea le respect\u0103&#8221;, i-a spus Victor Ponta unei reportere de la Hotnews.\u00a0Ulterior, \u015fi al\u0163i jurnalu\u015fti l-au rugat s\u0103 comenteze acela\u015fi subiect.<br \/>\n&#8220;Am impresia c\u0103 vorbesc \u00een chinez\u0103. Nu vreau s\u0103 evit nimic. dac\u0103 ave\u0163i \u00eentreb\u0103ri pe tema pe care cred c\u0103 sunt responsabil \u00een fa\u0163a cet\u0103\u0163enilor, v\u0103 r\u0103spund&#8221;, a mai spus Victor Ponta.<\/p>\n<\/div>\n<p> Source URL: https:\/\/observatornews.ro\/politic\/cum-a-reactionat-victor-ponta-cand-a-fost-intrebat-de-moartea-politistului-care-a-cazut-intro-groapa-164421.html<\/p>\n","protected":false},"excerpt":{"rendered":"<p>\u00cen cadrul unei conferin\u0163e, Victor Ponta a fost \u00eentrebat despre subiectul ultimelor zile, \u015fi anume moartea unui poli\u0163ist care \u00eenso\u0163ea coloana oficial\u0103 a vicepremierului Gabriel Oprea \u00cen cadrul unei conferin\u0163e, Victor Ponta a fost \u00eentrebat despre subiectul ultimelor zile, \u015fi anume moartea unui poli\u0163ist care \u00eenso\u0163ea coloana oficial\u0103 a vicepremierului Gabriel Oprea. La conferin\u0163a de [&hellip;]<\/p>\n","protected":false},"author":1,"featured_media":0,"comment_status":"open","ping_status":"","sticky":false,"template":"","format":"standard","meta":{"footnotes":""},"categories":[2],"tags":[30],"class_list":["post-375462","post","type-post","status-publish","format-standard","hentry","category-politics","tag-observatornews-ro"],"_links":{"self":[{"href":"https:\/\/analyse.optim.biz\/index.php?rest_route=\/wp\/v2\/posts\/375462","targetHints":{"allow":["GET"]}}],"collection":[{"href":"https:\/\/analyse.optim.biz\/index.php?rest_route=\/wp\/v2\/posts"}],"about":[{"href":"https:\/\/analyse.optim.biz\/index.php?rest_route=\/wp\/v2\/types\/post"}],"author":[{"embeddable":true,"href":"https:\/\/analyse.optim.biz\/index.php?rest_route=\/wp\/v2\/users\/1"}],"replies":[{"embeddable":true,"href":"https:\/\/analyse.optim.biz\/index.php?rest_route=%2Fwp%2Fv2%2Fcomments&post=375462"}],"version-history":[{"count":0,"href":"https:\/\/analyse.optim.biz\/index.php?rest_route=\/wp\/v2\/posts\/375462\/revisions"}],"wp:attachment":[{"href":"https:\/\/analyse.optim.biz\/index.php?rest_route=%2Fwp%2Fv2%2Fmedia&parent=375462"}],"wp:term":[{"taxonomy":"category","embeddable":true,"href":"https:\/\/analyse.optim.biz\/index.php?rest_route=%2Fwp%2Fv2%2Fcategories&post=375462"},{"taxonomy":"post_tag","embeddable":true,"href":"https:\/\/analyse.optim.biz\/index.php?rest_route=%2Fwp%2Fv2%2Ftags&post=375462"}],"curies":[{"name":"wp","href":"https:\/\/api.w.org\/{rel}","templated":true}]}}