{"id":375448,"date":"2015-10-24T10:04:00","date_gmt":"2015-10-24T07:04:00","guid":{"rendered":"https:\/\/analyse.optim.biz\/?p=375448"},"modified":"2015-10-24T10:04:00","modified_gmt":"2015-10-24T07:04:00","slug":"delegatii-la-congres-au-votat-infiintarea-formatiunii-politice-miscarea-populara","status":"publish","type":"post","link":"https:\/\/analyse.optim.biz\/?p=375448","title":{"rendered":"Delega\u021bii la Congres au votat \u00eenfiin\u021barea forma\u021biunii politice Mi\u0219carea Popular\u0103"},"content":{"rendered":"<div class=\"description\" data-key=\"description\">Cei peste 5000 de delega\u021bi prezen\u021bi s\u00e2mb\u0103t\u0103 la Sala Palatului au votat \u00eenfiin\u021barea forma\u021biunii politice Mi\u0219carea Popular\u0103 \u0219i au validat Statutul acesteia, \u00een prezen\u021ba fostului pre\u0219edinte al Rom\u00e2niei, Traian B\u0103sescu<\/div>\n<div class=\"articleBody\" data-key=\"articleBody\">Cei peste 5000 de delega\u021bi prezen\u021bi s\u00e2mb\u0103t\u0103 la Sala Palatului au votat \u00eenfiin\u021barea forma\u021biunii politice Mi\u0219carea Popular\u0103 \u0219i au validat Statutul acesteia, \u00een prezen\u021ba fostului pre\u0219edinte al Rom\u00e2niei, Traian B\u0103sescu<br \/>\n\u00cen cadrul lucr\u0103rilor congresului vor avea loc alegeri pentru pre\u0219edin\u021bia partidului, pentru membrii Consiliului Executiv Na\u021bional, precum \u0219i pentru membrii Comisiei de cenzori \u0219i ai Comisiei de Arbitraj \u0219i Integritate.<br \/>\nPe 10 octombrie, a doua zi dup\u0103 ce s-a \u00eenscris \u00een Partidul Mi\u0219carea Popular\u0103, fostul pre\u0219edinte Traian B\u0103sescu afirma, la Colegiul Na\u021bional al forma\u021biunii, desf\u0103\u0219urat la Sinaia, c\u0103 nu \u00eei place actuala denumire a PMP \u0219i recomand\u0103 schimbarea \u00een &#8220;Mi\u0219carea Popular\u0103&#8221;.<br \/>\n&#8221;Preg\u0103tim congresul, e foarte important, trebuie s\u0103 fie un congres de relansare a partidului \u0219i s\u0103 aib\u0103 \u0219i semnifica\u021bia lui \u00een schimbarea denumirii. Mie nu \u00eemi place PMP, m\u0103 consult cu voi, eu zic s\u0103 fie &#8216;Mi\u0219carea Popular\u0103&#8217;, f\u0103r\u0103 &#8216;P&#8217; \u00een fa\u021b\u0103&#8221;, spunea atunci Traian B\u0103sescu.<\/div>\n<p> Source URL: https:\/\/observatornews.ro\/politic\/delegaii-la-congres-au-votat-infiinarea-formaiunii-politice-micarea-populara-164451.html<\/p>\n","protected":false},"excerpt":{"rendered":"<p>Cei peste 5000 de delega\u021bi prezen\u021bi s\u00e2mb\u0103t\u0103 la Sala Palatului au votat \u00eenfiin\u021barea forma\u021biunii politice Mi\u0219carea Popular\u0103 \u0219i au validat Statutul acesteia, \u00een prezen\u021ba fostului pre\u0219edinte al Rom\u00e2niei, Traian B\u0103sescu Cei peste 5000 de delega\u021bi prezen\u021bi s\u00e2mb\u0103t\u0103 la Sala Palatului au votat \u00eenfiin\u021barea forma\u021biunii politice Mi\u0219carea Popular\u0103 \u0219i au validat Statutul acesteia, \u00een prezen\u021ba fostului [&hellip;]<\/p>\n","protected":false},"author":1,"featured_media":0,"comment_status":"open","ping_status":"","sticky":false,"template":"","format":"standard","meta":{"footnotes":""},"categories":[2],"tags":[30],"class_list":["post-375448","post","type-post","status-publish","format-standard","hentry","category-politics","tag-observatornews-ro"],"_links":{"self":[{"href":"https:\/\/analyse.optim.biz\/index.php?rest_route=\/wp\/v2\/posts\/375448","targetHints":{"allow":["GET"]}}],"collection":[{"href":"https:\/\/analyse.optim.biz\/index.php?rest_route=\/wp\/v2\/posts"}],"about":[{"href":"https:\/\/analyse.optim.biz\/index.php?rest_route=\/wp\/v2\/types\/post"}],"author":[{"embeddable":true,"href":"https:\/\/analyse.optim.biz\/index.php?rest_route=\/wp\/v2\/users\/1"}],"replies":[{"embeddable":true,"href":"https:\/\/analyse.optim.biz\/index.php?rest_route=%2Fwp%2Fv2%2Fcomments&post=375448"}],"version-history":[{"count":0,"href":"https:\/\/analyse.optim.biz\/index.php?rest_route=\/wp\/v2\/posts\/375448\/revisions"}],"wp:attachment":[{"href":"https:\/\/analyse.optim.biz\/index.php?rest_route=%2Fwp%2Fv2%2Fmedia&parent=375448"}],"wp:term":[{"taxonomy":"category","embeddable":true,"href":"https:\/\/analyse.optim.biz\/index.php?rest_route=%2Fwp%2Fv2%2Fcategories&post=375448"},{"taxonomy":"post_tag","embeddable":true,"href":"https:\/\/analyse.optim.biz\/index.php?rest_route=%2Fwp%2Fv2%2Ftags&post=375448"}],"curies":[{"name":"wp","href":"https:\/\/api.w.org\/{rel}","templated":true}]}}