{"id":375447,"date":"2015-10-24T12:30:00","date_gmt":"2015-10-24T09:30:00","guid":{"rendered":"https:\/\/analyse.optim.biz\/?p=375447"},"modified":"2015-10-24T12:30:00","modified_gmt":"2015-10-24T09:30:00","slug":"traian-basescu-a-fost-ales-presedinte-al-formatiunii-miscarea-populara","status":"publish","type":"post","link":"https:\/\/analyse.optim.biz\/?p=375447","title":{"rendered":"Traian B\u0103sescu a fost ales pre\u0219edinte al forma\u021biunii Mi\u0219carea Popular\u0103"},"content":{"rendered":"<div class=\"description\" data-key=\"description\">Cei peste 5.000 de delega\u021bi prezen\u021bi, s\u00e2mb\u0103t\u0103, la Congresul de \u00eenfiin\u021bare a forma\u021biunii politice Mi\u0219carea Popular\u0103 au votat, prin procedur\u0103 deschis\u0103, alegerea ca pre\u0219edinte al partidului a lui Traian B\u0103sescu, acesta candid\u00e2nd cu mo\u021biunea intitulat\u0103 &#8220;Rom\u00e2nia Mea&#8221;<\/div>\n<div class=\"articleBody\" data-key=\"articleBody\">Cei peste 5.000 de delega\u021bi prezen\u021bi, s\u00e2mb\u0103t\u0103, la Congresul de \u00eenfiin\u021bare a forma\u021biunii politice Mi\u0219carea Popular\u0103 au votat, prin procedur\u0103 deschis\u0103, alegerea ca pre\u0219edinte al partidului a lui Traian B\u0103sescu, acesta candid\u00e2nd cu mo\u021biunea intitulat\u0103 &#8220;Rom\u00e2nia Mea&#8221;<br \/>\nB\u0103sescu a mul\u021bumit celor care l-au votat \u0219i a ad\u0103ugat c\u0103 modernizarea Rom\u00e2niei trebuie s\u0103 continue.<\/p>\n<p>&#8220;V\u0103 asigur c\u0103 am \u0219i energie \u0219i dorin\u021b\u0103 s\u0103 continu\u0103m procesele de modernizare a Rom\u00e2niei. Mai am o sugestie, cei care \u00een via\u021ba lor au fost al\u0103turi de mine \u0219i \u00eenc\u0103 mai simt c\u0103 mai vor s\u0103 fie al\u0103turi de mine s\u0103 nu ezite de oriunde s-ar afla s\u0103 vin\u0103 la Mi\u0219carea Popular\u0103&#8221;, a spus noul pre\u0219edinte al forma\u021biunii.<br \/>\n\u00cen cadrul mo\u021biunii &#8216;Rom\u00e2nia Mea&#8217;, condus\u0103 de Traian B\u0103sescu, au candidat \u0219i au fost ale\u0219i Eugen Tomac, pre\u0219edinte executiv, Cristian Diaconescu \u0219i Siegfrid Mure\u0219an, prim-vicepre\u0219edin\u021bi, Dorel Constantin Onaca, secretar general. Noua forma\u021biune va avea \u0219i doi secretari generali adjunc\u021bi, Rizia Tudorache \u0219i \u0218tefan Burlacu.<\/p>\n<p>Totodat\u0103, \u00een conducerea Mi\u0219c\u0103rii Populare au fost ale\u0219i \u0219i 14 vicepre\u0219edin\u021bi: Petru Movil\u0103, Claudiu Palaz, Roxana Iliescu, Adrian Gurz\u0103u, Clement Negru\u021b, Nicolae Davi\u021boiu, Cristian Petrescu, C\u0103t\u0103lin Cristache, C\u0103t\u0103lina Bozianu, Victor Tarhon, Adrian R\u0103dulescu, Cristinel Marian, Mihaela Stoica, Radu Cristescu.<br \/>\nDe asemenea, \u00een structura central\u0103 de conducere a forma\u021biunii se vor reg\u0103si \u0219i 12 secretari executivi: Bulf C\u0103t\u0103lin, Lauren\u021biu Dulam\u0103, Mihaela Brate, Ionu\u021b Simionca, Costel Mihai, Dan Ioni\u021b\u0103, Sebastian Moise, Mihai \u021a\u00e2buleac, Mirea Marian, Gelu Vi\u0219an, Lucian Iliescu, Bogdan Gamale\u021b.<br \/>\nB\u0103sescu a anun\u021bat c\u0103 urm\u0103torul Congres al forma\u021biunii va avea loc la \u0219ase luni dup\u0103 alegerile parlamentare, potrivit Statutului noii forma\u021biuni.<br \/>\nDe asemenea, la finalul Congresului, secretarul general al Mi\u0219c\u0103rii Populare, Dorel Onaca, a spus c\u0103 noul imn al forma\u021biunii este &#8220;Iarba verde de acas\u0103&#8221;.<\/p><\/div>\n<p> Source URL: https:\/\/observatornews.ro\/politic\/traian-basescu-a-fost-ales-preedinte-al-formaiunii-micarea-populara-164459.html<\/p>\n","protected":false},"excerpt":{"rendered":"<p>Cei peste 5.000 de delega\u021bi prezen\u021bi, s\u00e2mb\u0103t\u0103, la Congresul de \u00eenfiin\u021bare a forma\u021biunii politice Mi\u0219carea Popular\u0103 au votat, prin procedur\u0103 deschis\u0103, alegerea ca pre\u0219edinte al partidului a lui Traian B\u0103sescu, acesta candid\u00e2nd cu mo\u021biunea intitulat\u0103 &#8220;Rom\u00e2nia Mea&#8221; Cei peste 5.000 de delega\u021bi prezen\u021bi, s\u00e2mb\u0103t\u0103, la Congresul de \u00eenfiin\u021bare a forma\u021biunii politice Mi\u0219carea Popular\u0103 au votat, [&hellip;]<\/p>\n","protected":false},"author":1,"featured_media":0,"comment_status":"open","ping_status":"","sticky":false,"template":"","format":"standard","meta":{"footnotes":""},"categories":[2],"tags":[30],"class_list":["post-375447","post","type-post","status-publish","format-standard","hentry","category-politics","tag-observatornews-ro"],"_links":{"self":[{"href":"https:\/\/analyse.optim.biz\/index.php?rest_route=\/wp\/v2\/posts\/375447","targetHints":{"allow":["GET"]}}],"collection":[{"href":"https:\/\/analyse.optim.biz\/index.php?rest_route=\/wp\/v2\/posts"}],"about":[{"href":"https:\/\/analyse.optim.biz\/index.php?rest_route=\/wp\/v2\/types\/post"}],"author":[{"embeddable":true,"href":"https:\/\/analyse.optim.biz\/index.php?rest_route=\/wp\/v2\/users\/1"}],"replies":[{"embeddable":true,"href":"https:\/\/analyse.optim.biz\/index.php?rest_route=%2Fwp%2Fv2%2Fcomments&post=375447"}],"version-history":[{"count":0,"href":"https:\/\/analyse.optim.biz\/index.php?rest_route=\/wp\/v2\/posts\/375447\/revisions"}],"wp:attachment":[{"href":"https:\/\/analyse.optim.biz\/index.php?rest_route=%2Fwp%2Fv2%2Fmedia&parent=375447"}],"wp:term":[{"taxonomy":"category","embeddable":true,"href":"https:\/\/analyse.optim.biz\/index.php?rest_route=%2Fwp%2Fv2%2Fcategories&post=375447"},{"taxonomy":"post_tag","embeddable":true,"href":"https:\/\/analyse.optim.biz\/index.php?rest_route=%2Fwp%2Fv2%2Ftags&post=375447"}],"curies":[{"name":"wp","href":"https:\/\/api.w.org\/{rel}","templated":true}]}}