{"id":375291,"date":"2015-10-28T07:47:00","date_gmt":"2015-10-28T04:47:00","guid":{"rendered":"https:\/\/analyse.optim.biz\/?p=375291"},"modified":"2015-10-28T07:47:00","modified_gmt":"2015-10-28T04:47:00","slug":"perchezitii-la-primaria-sectorului-3-negoita-este-vizat-un-angajat-al-directiei-de-urbanism","status":"publish","type":"post","link":"https:\/\/analyse.optim.biz\/?p=375291","title":{"rendered":"Perchezi\u0163ii la Prim\u0103ria Sectorului 3. Negoi\u0163\u0103: Este vizat un angajat al Direc\u021biei de Urbanism"},"content":{"rendered":"<div class=\"description\" data-key=\"description\">Primarul Sectorului 3, Robert Negoi\u0163\u0103, a anun\u0163at pe pagina de Facebook c\u0103 \u00een aceast\u0103 diminea\u0163\u0103 a avut loc o perchezi\u0163ie efectuat\u0103 de c\u0103tre Direc\u0163ia Na\u0163ional\u0103 Anticorup\u0163ie la sediul Prim\u0103riei, vizat\u0103 fiind activitatea unui angajat al Direc\u021biei de Urbanism<\/div>\n<div class=\"articleBody\" data-key=\"articleBody\">Primarul Sectorului 3, Robert Negoi\u0163\u0103, a anun\u0163at pe pagina de Facebook c\u0103 \u00een aceast\u0103 diminea\u0163\u0103 a avut loc o perchezi\u0163ie efectuat\u0103 de c\u0103tre Direc\u0163ia Na\u0163ional\u0103 Anticorup\u0163ie la sediul Prim\u0103riei, vizat\u0103 fiind activitatea unui angajat al Direc\u021biei de Urbanism<br \/>\n\u00cen mesajul postat pe Facebok, Robert Negoi\u0163\u0103 \u015fi-a exprimat sprijinul pentru ac\u0163iunea DNA \u015fi a declarat c\u0103 a pus la dispozi\u0163ie toate documentele necesare.<br \/>\n&#8220;\u00cen acesta diminea\u0163a, la sediul Prim\u0103riei Sectorului 3, mai exact \u00een cadrul Direc\u0163iei de Urbanism, are loc o perchezi\u0163ie efectuat\u0103 de c\u0103tre Direc\u0163ia Na\u0163ional\u0103 Anticorup\u0163ie. Este vizata activitatea desf\u0103\u015furat\u0103 de unul dintre angaja\u0163ii acestei direc\u0163ii.<br \/>\nPrim\u0103ria Sectorului 3 pune la dispozi\u0163ie toate documentele solicitate, sprijin\u0103 eforturile DNA \u00een desf\u0103\u015furarea anchetei \u015fi \u00ee\u015fi reafirma angajamentul \u00een clarificarea oric\u0103rei suspiciuni de corup\u0163ie.&#8221;, se arat\u0103 \u00een mesajul postat de Robert Negoi\u021b\u0103. <\/div>\n<p> Source URL: https:\/\/observatornews.ro\/politic\/perchezitii-la-primaria-sectorului-3-negoita-este-vizat-un-angajat-al-direciei-de-urbanism-164777.html<\/p>\n","protected":false},"excerpt":{"rendered":"<p>Primarul Sectorului 3, Robert Negoi\u0163\u0103, a anun\u0163at pe pagina de Facebook c\u0103 \u00een aceast\u0103 diminea\u0163\u0103 a avut loc o perchezi\u0163ie efectuat\u0103 de c\u0103tre Direc\u0163ia Na\u0163ional\u0103 Anticorup\u0163ie la sediul Prim\u0103riei, vizat\u0103 fiind activitatea unui angajat al Direc\u021biei de Urbanism Primarul Sectorului 3, Robert Negoi\u0163\u0103, a anun\u0163at pe pagina de Facebook c\u0103 \u00een aceast\u0103 diminea\u0163\u0103 a avut [&hellip;]<\/p>\n","protected":false},"author":1,"featured_media":0,"comment_status":"open","ping_status":"","sticky":false,"template":"","format":"standard","meta":{"footnotes":""},"categories":[2],"tags":[30],"class_list":["post-375291","post","type-post","status-publish","format-standard","hentry","category-politics","tag-observatornews-ro"],"_links":{"self":[{"href":"https:\/\/analyse.optim.biz\/index.php?rest_route=\/wp\/v2\/posts\/375291","targetHints":{"allow":["GET"]}}],"collection":[{"href":"https:\/\/analyse.optim.biz\/index.php?rest_route=\/wp\/v2\/posts"}],"about":[{"href":"https:\/\/analyse.optim.biz\/index.php?rest_route=\/wp\/v2\/types\/post"}],"author":[{"embeddable":true,"href":"https:\/\/analyse.optim.biz\/index.php?rest_route=\/wp\/v2\/users\/1"}],"replies":[{"embeddable":true,"href":"https:\/\/analyse.optim.biz\/index.php?rest_route=%2Fwp%2Fv2%2Fcomments&post=375291"}],"version-history":[{"count":0,"href":"https:\/\/analyse.optim.biz\/index.php?rest_route=\/wp\/v2\/posts\/375291\/revisions"}],"wp:attachment":[{"href":"https:\/\/analyse.optim.biz\/index.php?rest_route=%2Fwp%2Fv2%2Fmedia&parent=375291"}],"wp:term":[{"taxonomy":"category","embeddable":true,"href":"https:\/\/analyse.optim.biz\/index.php?rest_route=%2Fwp%2Fv2%2Fcategories&post=375291"},{"taxonomy":"post_tag","embeddable":true,"href":"https:\/\/analyse.optim.biz\/index.php?rest_route=%2Fwp%2Fv2%2Ftags&post=375291"}],"curies":[{"name":"wp","href":"https:\/\/api.w.org\/{rel}","templated":true}]}}