{"id":375259,"date":"2015-10-28T08:55:00","date_gmt":"2015-10-28T05:55:00","guid":{"rendered":"https:\/\/analyse.optim.biz\/?p=375259"},"modified":"2015-10-28T08:55:00","modified_gmt":"2015-10-28T05:55:00","slug":"premierul-ungariei-vizat-de-amenintari-teroriste-din-cauza-imigratiei-ilegale","status":"publish","type":"post","link":"https:\/\/analyse.optim.biz\/?p=375259","title":{"rendered":"Premierul Ungariei, vizat de amenin\u0163\u0103ri teroriste, &#8220;din cauza imigra\u0163iei ilegale&#8221;"},"content":{"rendered":"<div class=\"description\" data-key=\"description\">Nivelul protec\u0163iei premierului Viktor Orban \u015fi familiei sale a fost consolidat de c\u0103tre Centrul pentru lupt\u0103 \u00eempotriva terorismului (TEK) &#8220;din cauza imigra\u0163iei ilegale&#8221;<\/div>\n<div class=\"articleBody\" data-key=\"articleBody\">Nivelul protec\u0163iei premierului Viktor Orban \u015fi familiei sale a fost consolidat de c\u0103tre Centrul pentru lupt\u0103 \u00eempotriva terorismului (TEK) &#8220;din cauza imigra\u0163iei ilegale&#8221;, scrie ziarul Magyar Idok \u00een edi\u0163ia de miercuri, relateaz\u0103 MTI.<\/p>\n<p>Protec\u0163ia sporit\u0103 a lui Orban \u015fi a mediului \u00een care se afl\u0103, inclusiv a familiei sale, este necesar\u0103 deoarece serviciile de securitate au descoperit amenin\u0163\u0103ri teroriste \u00een leg\u0103tur\u0103 cu &#8220;imigran\u0163ii ilegali&#8221;, scrie ziarul.\u00a0\u00cen afar\u0103 de TEK, \u00een protejarea lui Orban sunt implicate \u015fi serviciile na\u0163ionale de securitate.<br \/>\nFostul adjunct al directorului serviciilor secrete militare Jozsef Horvath a declarat c\u0103 ridicarea nivelului protec\u0163iei lui Orban \u015fi familiei sale face parte din protocol \u015fi c\u0103 TEK nu a avut alt\u0103 op\u0163iune, mai scrie Magyar Idok, scrie mediafax.ro.<br \/>\n\u00a0<\/p><\/div>\n<p> Source URL: https:\/\/observatornews.ro\/politic\/premierul-ungariei-vizat-de-amenintari-teroriste-din-cauza-imigratiei-ilegale-164786.html<\/p>\n","protected":false},"excerpt":{"rendered":"<p>Nivelul protec\u0163iei premierului Viktor Orban \u015fi familiei sale a fost consolidat de c\u0103tre Centrul pentru lupt\u0103 \u00eempotriva terorismului (TEK) &#8220;din cauza imigra\u0163iei ilegale&#8221; Nivelul protec\u0163iei premierului Viktor Orban \u015fi familiei sale a fost consolidat de c\u0103tre Centrul pentru lupt\u0103 \u00eempotriva terorismului (TEK) &#8220;din cauza imigra\u0163iei ilegale&#8221;, scrie ziarul Magyar Idok \u00een edi\u0163ia de miercuri, relateaz\u0103 [&hellip;]<\/p>\n","protected":false},"author":1,"featured_media":0,"comment_status":"open","ping_status":"","sticky":false,"template":"","format":"standard","meta":{"footnotes":""},"categories":[2],"tags":[30],"class_list":["post-375259","post","type-post","status-publish","format-standard","hentry","category-politics","tag-observatornews-ro"],"_links":{"self":[{"href":"https:\/\/analyse.optim.biz\/index.php?rest_route=\/wp\/v2\/posts\/375259","targetHints":{"allow":["GET"]}}],"collection":[{"href":"https:\/\/analyse.optim.biz\/index.php?rest_route=\/wp\/v2\/posts"}],"about":[{"href":"https:\/\/analyse.optim.biz\/index.php?rest_route=\/wp\/v2\/types\/post"}],"author":[{"embeddable":true,"href":"https:\/\/analyse.optim.biz\/index.php?rest_route=\/wp\/v2\/users\/1"}],"replies":[{"embeddable":true,"href":"https:\/\/analyse.optim.biz\/index.php?rest_route=%2Fwp%2Fv2%2Fcomments&post=375259"}],"version-history":[{"count":0,"href":"https:\/\/analyse.optim.biz\/index.php?rest_route=\/wp\/v2\/posts\/375259\/revisions"}],"wp:attachment":[{"href":"https:\/\/analyse.optim.biz\/index.php?rest_route=%2Fwp%2Fv2%2Fmedia&parent=375259"}],"wp:term":[{"taxonomy":"category","embeddable":true,"href":"https:\/\/analyse.optim.biz\/index.php?rest_route=%2Fwp%2Fv2%2Fcategories&post=375259"},{"taxonomy":"post_tag","embeddable":true,"href":"https:\/\/analyse.optim.biz\/index.php?rest_route=%2Fwp%2Fv2%2Ftags&post=375259"}],"curies":[{"name":"wp","href":"https:\/\/api.w.org\/{rel}","templated":true}]}}