{"id":375257,"date":"2015-10-28T10:53:00","date_gmt":"2015-10-28T07:53:00","guid":{"rendered":"https:\/\/analyse.optim.biz\/?p=375257"},"modified":"2015-10-28T10:53:00","modified_gmt":"2015-10-28T07:53:00","slug":"ong-urile-se-revolta-ordonanta-prin-care-sefii-de-partid-primesc-coloana-oficiala-atacata","status":"publish","type":"post","link":"https:\/\/analyse.optim.biz\/?p=375257","title":{"rendered":"ONG-urile se revolt\u0103: Ordonan\u021ba prin care \u015fefii de partid primesc coloan\u0103 oficial\u0103 &#8211; ATACAT\u0102!"},"content":{"rendered":"<div class=\"description\" data-key=\"description\">Peste 20 de ONG-uri cer Avocatului Poporului s\u0103 atace la Curtea Constitu\u0163ional\u0103 (CC)<\/div>\n<div class=\"articleBody\" data-key=\"articleBody\">Peste 20 de ONG-uri cer Avocatului Poporului s\u0103 atace la Curtea Constitu\u0163ional\u0103 (CC) Ordonan\u0163a de Urgen\u0163\u0103 43\/2015, prin care Guvernul a inclus \u015fefii de partid printre cei care pot beneficia de coloan\u0103 oficial\u0103 \u015fi a prev\u0103zut gratuitatea serviciilor SPP pentru orice beneficiar.<\/p>\n<p>APADOR-CH \u00eempreun\u0103 cu alte 21 de organiza\u0163ii neguvernamentale i-au cerut miercuri Avocatului Poporului s\u0103 atace la Curtea Constitu\u0163ional\u0103 actul normativ, prin care Guvernul modific\u0103, printre altele, modul \u00een care SPP va asigura coloane oficiale pentru diver\u015fi demnitari.<br \/>\nONG-urile sus\u0163in c\u0103 aceast\u0103 ordonan\u0163\u0103 de urgen\u0163\u0103 \u00eencalc\u0103 articolul 115 din Constitu\u0163ie, adic\u0103 nu este motivat\u0103 de vreo situa\u0163ie extraordinar\u0103 care s\u0103 justifice \u00eenlocuirea Parlamentului, ca putere legiuitoare.<br \/>\nOUG nr. 43\/2015 modific\u0103 Legea 191\/1998 privind organizarea \u015fi func\u0163ionarea Serviciului de Protec\u0163ie \u015fi Paz\u0103 (SPP), incluz\u00e2nd \u015fefii partidelor parlamentare printre cei care pot beneficia de protec\u0163ia SPP, inclusiv de coloan\u0103 oficial\u0103, \u015fi instituie regula gratuit\u0103\u0163ii protec\u0163iei SPP pentru orice beneficiar. P\u00e2n\u0103 acum, protec\u0163ia SPP pentru cei care nu erau demnitari \u00een func\u0163ie putea fi acordat\u0103 doar contra cost.<br \/>\nPotrivit ONG-urilor, Guvernul nu a justificat sub nicio form\u0103 urgen\u0163a modific\u0103rii Legii nr. 191\/1998. &#8220;De altfel ea a fost strecurat\u0103 printre alte modific\u0103ri \u015fi figureaz\u0103 \u00een finalul ordonan\u0163ei. \u00cen nota de fundamentare a OUG 43, Guvernul invoc\u0103 necesitarea respect\u0103rii unor norme \u015fi proceduri NATO, precum \u015fi \u00abnecesitatea asigur\u0103rii protec\u0163iei speciale a unor persoane care nu au func\u0163ii de demnitate public\u0103, dar care particip\u0103 la luarea unor decizii de importan\u0163\u0103 deosebit\u0103 pentru activitatea statului, stabilesc realizarea unor strategii, direc\u0163ii de ac\u0163iune, influen\u0163eaz\u0103 adoptarea unor decizii \u015fi se deplaseaz\u0103 \u00een locuri \u015fi medii cu un anumit grad de risc\u00bb, dar acestea nu justific\u0103 urgen\u0163a unei interven\u0163ii legislative&#8221;, arat\u0103 reprezentan\u0163ii societ\u0103\u0163ii civile.<br \/>\n&#8220;Nu este singurul caz \u00een care se amestec\u0103 \u00een aceea\u015fi OUG modific\u0103ri ale mai multor legi, multe f\u0103r\u0103 leg\u0103tur\u0103 \u00eentre ele \u015fi nici prima dat\u0103 c\u00e2nd Guvernul se substituie Parlamentului \u00een actul legifer\u0103rii, abuz\u00e2nd de ordonan\u0163ele de urgen\u0163\u0103. Numai \u00een acest an au fost OUG nr. 2\/2015 \u015fi nr. 41\/2015 (Avocatului Poporului i-au fost adresate cereri pentru sesizarea CCR \u015fi \u00een cazul acestor ordonan\u0163e), dar practica este veche de cel pu\u0163in un deceniu. P\u00e2n\u0103 acum Avocatul Poporului a atacat o singur\u0103 dat\u0103 la CCR o ordonan\u0163\u0103 de urgen\u0163\u0103 pe motiv c\u0103 nu era urgent\u0103 &#8211; respectiv OUG 7\/2015&#8221;, se mai spune \u00een comunicatul ONG-urilor.<br \/>\nSolicitarea c\u0103tre Avocatul Poporului este semnat\u0103 de APADOR-CH, Asocia\u0163ia Na\u0163ional\u0103 a Birourilor de Consilere pentru Cet\u0103\u0163eni, Grupul pentru Democra\u0163ie Participativ\u0103 Plenum, Asocia\u0163ia Mili\u0163ia Spiritual\u0103, Expert Forum, Centrul de Resurse pentru Participare Public\u0103, Centrul de Asisten\u0163\u0103 pentru Organiza\u0163ii Neguvernamentale, Centrul pentru Jurnalism Independent, Funky Citizens<br \/>\nCentrul Rom\u00e2n pentru Politici Europene \u015fi Asocia\u0163ia pentru Monitorizarea Presei ActiveWatch &#8211; membre ale Re\u0163elei pentru Ap\u0103rarea Drepturilor Cet\u0103\u0163ene\u015fti -, precum \u015fi de Societatea Academic\u0103 din Rom\u00e2nia, Funda\u0163ia pentru Dezvoltarea Societ\u0103\u0163ii Civile, Asocia\u0163ia Romanian Youth Movement for Democracy, Institutul pentru Politici Publice, Academia de Advocacy, Alian\u0163a Na\u0163ional\u0103 a Organiza\u0163iilor Studen\u0163e\u015fti din Rom\u00e2nia, Asocia\u0163ia Demnitate pentru Comunitate, Asociatia Pro.Do.Mo, Centrul Ra\u0163iu pentru Democra\u0163ie \u015fi Centrul pentru Resurse Civice, Liga Studen\u0163ilor Rom\u00e2ni din Str\u0103in\u0103tate \u015fi Funda\u0163ia Caesar.\u00a0<\/p>\n<p>Surs\u0103: mediafax.ro<\/p><\/div>\n<p> Source URL: https:\/\/observatornews.ro\/politic\/ongurile-se-revolta-ordonana-prin-care-sefii-de-partid-primesc-coloana-oficiala-atacata-164797.html<\/p>\n","protected":false},"excerpt":{"rendered":"<p>Peste 20 de ONG-uri cer Avocatului Poporului s\u0103 atace la Curtea Constitu\u0163ional\u0103 (CC) Peste 20 de ONG-uri cer Avocatului Poporului s\u0103 atace la Curtea Constitu\u0163ional\u0103 (CC) Ordonan\u0163a de Urgen\u0163\u0103 43\/2015, prin care Guvernul a inclus \u015fefii de partid printre cei care pot beneficia de coloan\u0103 oficial\u0103 \u015fi a prev\u0103zut gratuitatea serviciilor SPP pentru orice beneficiar. [&hellip;]<\/p>\n","protected":false},"author":1,"featured_media":0,"comment_status":"open","ping_status":"","sticky":false,"template":"","format":"standard","meta":{"footnotes":""},"categories":[2],"tags":[30],"class_list":["post-375257","post","type-post","status-publish","format-standard","hentry","category-politics","tag-observatornews-ro"],"_links":{"self":[{"href":"https:\/\/analyse.optim.biz\/index.php?rest_route=\/wp\/v2\/posts\/375257","targetHints":{"allow":["GET"]}}],"collection":[{"href":"https:\/\/analyse.optim.biz\/index.php?rest_route=\/wp\/v2\/posts"}],"about":[{"href":"https:\/\/analyse.optim.biz\/index.php?rest_route=\/wp\/v2\/types\/post"}],"author":[{"embeddable":true,"href":"https:\/\/analyse.optim.biz\/index.php?rest_route=\/wp\/v2\/users\/1"}],"replies":[{"embeddable":true,"href":"https:\/\/analyse.optim.biz\/index.php?rest_route=%2Fwp%2Fv2%2Fcomments&post=375257"}],"version-history":[{"count":0,"href":"https:\/\/analyse.optim.biz\/index.php?rest_route=\/wp\/v2\/posts\/375257\/revisions"}],"wp:attachment":[{"href":"https:\/\/analyse.optim.biz\/index.php?rest_route=%2Fwp%2Fv2%2Fmedia&parent=375257"}],"wp:term":[{"taxonomy":"category","embeddable":true,"href":"https:\/\/analyse.optim.biz\/index.php?rest_route=%2Fwp%2Fv2%2Fcategories&post=375257"},{"taxonomy":"post_tag","embeddable":true,"href":"https:\/\/analyse.optim.biz\/index.php?rest_route=%2Fwp%2Fv2%2Ftags&post=375257"}],"curies":[{"name":"wp","href":"https:\/\/api.w.org\/{rel}","templated":true}]}}