{"id":375190,"date":"2015-11-03T19:25:00","date_gmt":"2015-11-03T16:25:00","guid":{"rendered":"https:\/\/analyse.optim.biz\/?p=375190"},"modified":"2015-11-03T19:25:00","modified_gmt":"2015-11-03T16:25:00","slug":"dunca-am-aflat-in-direct-ca-am-fost-demis-de-la-sefia-anpc-este-o-surpriza","status":"publish","type":"post","link":"https:\/\/analyse.optim.biz\/?p=375190","title":{"rendered":"Dunca: Am aflat \u00een direct c\u0103 am fost demis de la \u015fefia ANPC. Este o surpriz\u0103"},"content":{"rendered":"<div class=\"description\" data-key=\"description\">\u015eeful ANPC, Marius Dunca, spune c\u0103 a aflat &#8220;\u00een direct&#8221; c\u0103 a fost demis din func\u0163ie de c\u0103tre premierul Victor Ponta, ar\u0103t\u00e2nd c\u0103 primise o sesizare privind Clubul Colectiv joi, cu o zi \u00eenainte de tragedie, iar un reprezentant al clubului trebuia s\u0103 se prezinte vineri la Autoritate<\/div>\n<div class=\"articleBody\" data-key=\"articleBody\">\u015eeful ANPC, Marius Dunca, spune c\u0103 a aflat &#8220;\u00een direct&#8221; c\u0103 a fost demis din func\u0163ie de c\u0103tre premierul Victor Ponta, ar\u0103t\u00e2nd c\u0103 primise o sesizare privind Clubul Colectiv joi, cu o zi \u00eenainte de tragedie, iar un reprezentant al clubului trebuia s\u0103 se prezinte vineri la Autoritate<br \/>\n\u015eeful demis al Autorit\u0103\u0163ii Na\u0163ionale pentru Protec\u0163ia Consumatorilor (ANPC), Marius Dunca, spune c\u0103 a aflat &#8220;\u00een direct&#8221; c\u0103 a fost demis.<br \/>\n&#8220;Am aflat \u00een direct c\u0103 am fost demis. Este o surpiz\u0103 \u015fi pentru mine. Acum dac\u0103\u00a0 Dac\u0103 ANPC este vinovat\u0103 pentru tot ce se \u00eent\u00e2mpl\u0103 r\u0103u \u00een acest\u0103 \u0163ar\u0103, ne asum\u0103m \u015fi aceast\u0103 e vin\u0103&#8230;Eu nu cred c\u0103 ANPC este vinovat\u0103&#8221;, a spus Dunca, potrivit Antena3.<br \/>\n\u00centrebat c\u00e2nd a f\u0103cut ultima dat\u0103 un control la Clubul Colectiv, Dunca a afirmat c\u0103 ANPC a primit o sesizare joi privind neconcordan\u0163e de pre\u0163uri \u00een local. El a spus c\u0103 inspectorii ANPC au mers la fa\u0163a locului joi, dar nu au g\u0103sit pe nimeni, astfel c\u0103 au l\u0103sat o &#8220;invita\u0163ie&#8221; pentru reprezentan\u0163ii legali ai localului.<br \/>\n&#8220;Vineri trebuia s\u0103 se prezinte reprezentantul legal al operatorului economic cu buletin, \u015ftampila unit\u0103\u0163ii, aviz sanitar-veterinar, certificat constatator&#8221;, a declarat Marius Dunca, preciz\u00e2nd c\u0103 aceasta este procedura \u00een cazul \u00een care echipele de control nu \u00eei g\u0103sesc pe reprezentan\u0163ii firmelor.<\/p>\n<p>&#8220;Noi nici nu am avut c\u00e2nd s\u0103 \u00eel control\u0103m (localul-n.r.). Nu pot s\u0103 \u00eencalc legile, nu pot s\u0103 \u00eencalc procedura&#8221;, a ad\u0103ugat \u015feful demis al ANPC. \u00centrebat dac\u0103 regret\u0103 ceva din activitatea sa, Dunca a spus c\u0103 a f\u0103cut &#8220;tot ce i-a stat \u00een putin\u0163\u0103 \u015fi tot ce i-a permis legisla\u0163ia ca s\u0103 apere consumatorii&#8221;.<\/p>\n<p>Marius Dunca a fost demis, mar\u0163i sear\u0103, de c\u0103tre premierul Victor Ponta, din func\u0163ia de \u015fef al ANPC.<\/p><\/div>\n<p> Source URL: https:\/\/observatornews.ro\/politic\/dunca-am-aflat-in-direct-ca-am-fost-demis-de-la-sefia-anpc-este-o-surpriza-165500.html<\/p>\n","protected":false},"excerpt":{"rendered":"<p>\u015eeful ANPC, Marius Dunca, spune c\u0103 a aflat &#8220;\u00een direct&#8221; c\u0103 a fost demis din func\u0163ie de c\u0103tre premierul Victor Ponta, ar\u0103t\u00e2nd c\u0103 primise o sesizare privind Clubul Colectiv joi, cu o zi \u00eenainte de tragedie, iar un reprezentant al clubului trebuia s\u0103 se prezinte vineri la Autoritate \u015eeful ANPC, Marius Dunca, spune c\u0103 a [&hellip;]<\/p>\n","protected":false},"author":1,"featured_media":0,"comment_status":"open","ping_status":"","sticky":false,"template":"","format":"standard","meta":{"footnotes":""},"categories":[2],"tags":[30],"class_list":["post-375190","post","type-post","status-publish","format-standard","hentry","category-politics","tag-observatornews-ro"],"_links":{"self":[{"href":"https:\/\/analyse.optim.biz\/index.php?rest_route=\/wp\/v2\/posts\/375190","targetHints":{"allow":["GET"]}}],"collection":[{"href":"https:\/\/analyse.optim.biz\/index.php?rest_route=\/wp\/v2\/posts"}],"about":[{"href":"https:\/\/analyse.optim.biz\/index.php?rest_route=\/wp\/v2\/types\/post"}],"author":[{"embeddable":true,"href":"https:\/\/analyse.optim.biz\/index.php?rest_route=\/wp\/v2\/users\/1"}],"replies":[{"embeddable":true,"href":"https:\/\/analyse.optim.biz\/index.php?rest_route=%2Fwp%2Fv2%2Fcomments&post=375190"}],"version-history":[{"count":0,"href":"https:\/\/analyse.optim.biz\/index.php?rest_route=\/wp\/v2\/posts\/375190\/revisions"}],"wp:attachment":[{"href":"https:\/\/analyse.optim.biz\/index.php?rest_route=%2Fwp%2Fv2%2Fmedia&parent=375190"}],"wp:term":[{"taxonomy":"category","embeddable":true,"href":"https:\/\/analyse.optim.biz\/index.php?rest_route=%2Fwp%2Fv2%2Fcategories&post=375190"},{"taxonomy":"post_tag","embeddable":true,"href":"https:\/\/analyse.optim.biz\/index.php?rest_route=%2Fwp%2Fv2%2Ftags&post=375190"}],"curies":[{"name":"wp","href":"https:\/\/api.w.org\/{rel}","templated":true}]}}