{"id":375167,"date":"2015-11-03T21:22:00","date_gmt":"2015-11-03T18:22:00","guid":{"rendered":"https:\/\/analyse.optim.biz\/?p=375167"},"modified":"2015-11-03T21:22:00","modified_gmt":"2015-11-03T18:22:00","slug":"a-doua-demitere-secretarul-de-stat-in-ministerul-economiei-dat-afara-de-ponta","status":"publish","type":"post","link":"https:\/\/analyse.optim.biz\/?p=375167","title":{"rendered":"A doua demitere! Secretarul de stat \u00een Ministerul Economiei, dat afar\u0103 de Ponta"},"content":{"rendered":"<div class=\"description\" data-key=\"description\">Premierul Victor Ponta a decis mar\u021bi eliberarea unui ministru-secretar de stat din executivul s\u0103u! Este vorba despre Aurel-Sorin Encu\u021bescu, cel care de\u021binea func\u021bia de secretar de stat \u00een Ministerul Economiei<\/div>\n<div class=\"articleBody\" data-key=\"articleBody\">Premierul Victor Ponta a decis mar\u021bi eliberarea unui ministru-secretar de stat din executivul s\u0103u! Este vorba despre Aurel-Sorin Encu\u021bescu, cel care de\u021binea func\u021bia de secretar de stat \u00een Ministerul Economiei<br \/>\nAurel Sorin Encu\u021bescu era, \u00een cadrul MECT, responsabil cu industria de ap\u0103rare.<br \/>\nSorin Encu\u0163escu era secretar de stat \u00een Ministerul Economiei din 3 februarie. Encu\u0163escu fusese atunci trecut din postul de consilier de stat \u00een Cancelaria premierului \u00een cel de secretar de stat \u00een Ministerul Economiei, Comer\u0163ului \u015fi Turismului, prin decizie semnat\u0103 de premierul Victor Ponta. Encu\u0163escu era consilier al lui Ponta din mai 2012, imediat dup\u0103 instalarea Guvernului USL, anterior, \u00een Guvernul Adrian N\u0103stase, lucr\u00e2nd ca secretar de stat \u00een Ministerul Ap\u0103r\u0103rii.<\/div>\n<p> Source URL: https:\/\/observatornews.ro\/politic\/a-doua-demitere-secretarul-de-stat-in-ministerul-economiei-dat-afara-de-ponta-165515.html<\/p>\n","protected":false},"excerpt":{"rendered":"<p>Premierul Victor Ponta a decis mar\u021bi eliberarea unui ministru-secretar de stat din executivul s\u0103u! Este vorba despre Aurel-Sorin Encu\u021bescu, cel care de\u021binea func\u021bia de secretar de stat \u00een Ministerul Economiei Premierul Victor Ponta a decis mar\u021bi eliberarea unui ministru-secretar de stat din executivul s\u0103u! Este vorba despre Aurel-Sorin Encu\u021bescu, cel care de\u021binea func\u021bia de secretar [&hellip;]<\/p>\n","protected":false},"author":1,"featured_media":0,"comment_status":"open","ping_status":"","sticky":false,"template":"","format":"standard","meta":{"footnotes":""},"categories":[2],"tags":[30],"class_list":["post-375167","post","type-post","status-publish","format-standard","hentry","category-politics","tag-observatornews-ro"],"_links":{"self":[{"href":"https:\/\/analyse.optim.biz\/index.php?rest_route=\/wp\/v2\/posts\/375167","targetHints":{"allow":["GET"]}}],"collection":[{"href":"https:\/\/analyse.optim.biz\/index.php?rest_route=\/wp\/v2\/posts"}],"about":[{"href":"https:\/\/analyse.optim.biz\/index.php?rest_route=\/wp\/v2\/types\/post"}],"author":[{"embeddable":true,"href":"https:\/\/analyse.optim.biz\/index.php?rest_route=\/wp\/v2\/users\/1"}],"replies":[{"embeddable":true,"href":"https:\/\/analyse.optim.biz\/index.php?rest_route=%2Fwp%2Fv2%2Fcomments&post=375167"}],"version-history":[{"count":0,"href":"https:\/\/analyse.optim.biz\/index.php?rest_route=\/wp\/v2\/posts\/375167\/revisions"}],"wp:attachment":[{"href":"https:\/\/analyse.optim.biz\/index.php?rest_route=%2Fwp%2Fv2%2Fmedia&parent=375167"}],"wp:term":[{"taxonomy":"category","embeddable":true,"href":"https:\/\/analyse.optim.biz\/index.php?rest_route=%2Fwp%2Fv2%2Fcategories&post=375167"},{"taxonomy":"post_tag","embeddable":true,"href":"https:\/\/analyse.optim.biz\/index.php?rest_route=%2Fwp%2Fv2%2Ftags&post=375167"}],"curies":[{"name":"wp","href":"https:\/\/api.w.org\/{rel}","templated":true}]}}