{"id":375166,"date":"2015-11-04T07:07:00","date_gmt":"2015-11-04T04:07:00","guid":{"rendered":"https:\/\/analyse.optim.biz\/?p=375166"},"modified":"2015-11-04T07:07:00","modified_gmt":"2015-11-04T04:07:00","slug":"mini-summit-la-palatul-cotroceni-state-din-europa-centrala-si-de-est-vor-fi-prezente","status":"publish","type":"post","link":"https:\/\/analyse.optim.biz\/?p=375166","title":{"rendered":"MINI-SUMMIT la Palatul Cotroceni! State din Europa Central\u0103 \u015fi de Est vor fi prezente!"},"content":{"rendered":"<div class=\"description\" data-key=\"description\">O reuniune la nivel \u00eenalt a statelor din Europa Central\u0103 \u0219i de Est, la care va participa \u0219i secretarul general adjunct al NATO, Alexander Vershbow, va avea loc miercuri la Palatul Cotroceni.<\/div>\n<div class=\"articleBody\" data-key=\"articleBody\">\u00a0O reuniune la nivel \u00eenalt a statelor din Europa Central\u0103 \u0219i de Est, la care va participa \u0219i secretarul general adjunct al NATO, Alexander Vershbow, va avea loc miercuri la Palatul Cotroceni.<br \/>\nReuniunea la nivel \u00eenalt a statelor din Europa Central\u0103 \u0219i de Est va fi prezidat\u0103 de pre\u0219edin\u021bii Rom\u00e2niei \u0219i Poloniei, Klaus Iohannis, respectiv Andrzej Duda.<br \/>\nLa acest eveniment vor participa secretarul general adjunct al NATO, Alexander Vershbow, pre\u0219edin\u021bii Bulgariei, Rosen Plevneliev, Republicii Estonia, Toomas Hendrik Ilves, Republicii Letonia, Raimonds Vejonis, Republicii Lituania, Dalia Grybauskaite, Republicii Slovace, Andrej Kiska, Ungariei, Ader Janos, \u0219i pre\u0219edintele Camerei Deputa\u021bilor a Republicii Cehe, Jan Hamacek.<br \/>\nCu privire la reuniunea la nivel \u00eenalt a liderilor din statele din Europa Central\u0103 \u0219i de Est, pre\u0219edintele Klaus Iohannis a declarat mar\u021bi c\u0103 \u021b\u0103rile din flancul estic sunt hot\u0103r\u00e2te s\u0103 joace un rol destul de important \u00een NATO.<br \/>\n&#8220;\u00cent\u00e2lnirea pe care am organizat-o \u00eempreun\u0103 (n.r. \u2014 cu Polonia) pentru ziua de m\u00e2ine, acel mini-summit, vrea s\u0103 arate c\u0103 flancul estic este aici, \u021b\u0103rile din flancul estic sunt hot\u0103r\u00e2te s\u0103 joace un rol destul de important \u00een cadrul structurilor NATO \u0219i vrem, de asemenea, s\u0103 subliniem importan\u021ba acestui flanc estic \u00een situa\u021bia geopolitic\u0103 \u00een permanent\u0103 schimbare. (&#8230;) Vrem s\u0103 subliniem c\u0103 aceast\u0103 importan\u021b\u0103 geostrategic\u0103 a flancului estic nu este \u00een sc\u0103dere, ci este \u00een continuare extrem de mare&#8221;, a spus \u0219eful statului, la Palatul Cotroceni.<br \/>\nSurse oficiale au ar\u0103tat c\u0103 la aceast\u0103 reuniune urmeaz\u0103 s\u0103 fie adoptat\u0103 o declara\u021bie comun\u0103, care va sublinia necesitatea unei prezen\u021be adecvate a NATO \u00een regiune.<br \/>\nReuniunea vizeaz\u0103 consolidarea cooper\u0103rii \u00een plan regional \u00eentre \u021b\u0103rile din regiune, dar \u0219i cu cele din Vecin\u0103tatea estic\u0103 a NATO, \u0219i anume R. Moldova, Ucraina \u0219i Georgia, \u0219i preg\u0103tirea summitului NATO care va avea loc la Var\u0219ovia.<br \/>\n&#8220;Dorim s\u0103 ar\u0103t\u0103m c\u0103 aceste \u021b\u0103ri pot contribui la activitatea Alian\u021bei Nord-Atlantice&#8221;, au mai ar\u0103tat sursele citate.<br \/>\nPotrivit acestora, este posibil ca reuniunea s\u0103 vizeze un angajament pentru asigurarea a 2% din PIB pentru Armat\u0103.<br \/>\nReuniunea la nivel \u00eenalt a statelor din Europa Central\u0103 \u0219i de Est va \u00eencepe la ora 10,30, c\u00e2nd \u0219efii de delega\u021bii vor fi primi\u021bi la Palatul Cotroceni de pre\u0219edintele Iohannis. Ulterior, liderii \u00ee\u0219i vor exprima pozi\u021biile cu privire la subiectele discutate. La finalul reuniunii, pre\u0219edintele Klaus Iohannis \u0219i omologul s\u0103u polonez, Andrzej Duda, vor sus\u021bine o declara\u021bie comun\u0103 de pres\u0103.<\/p>\n<p>Sursa: agerpres.ro<\/p><\/div>\n<p> Source URL: https:\/\/observatornews.ro\/politic\/reuniune-la-nivel-inalt-a-statelor-din-europa-centrala-i-de-est-la-palatul-cotroceni-165531.html<\/p>\n","protected":false},"excerpt":{"rendered":"<p>O reuniune la nivel \u00eenalt a statelor din Europa Central\u0103 \u0219i de Est, la care va participa \u0219i secretarul general adjunct al NATO, Alexander Vershbow, va avea loc miercuri la Palatul Cotroceni. \u00a0O reuniune la nivel \u00eenalt a statelor din Europa Central\u0103 \u0219i de Est, la care va participa \u0219i secretarul general adjunct al NATO, [&hellip;]<\/p>\n","protected":false},"author":1,"featured_media":0,"comment_status":"open","ping_status":"","sticky":false,"template":"","format":"standard","meta":{"footnotes":""},"categories":[2],"tags":[30],"class_list":["post-375166","post","type-post","status-publish","format-standard","hentry","category-politics","tag-observatornews-ro"],"_links":{"self":[{"href":"https:\/\/analyse.optim.biz\/index.php?rest_route=\/wp\/v2\/posts\/375166","targetHints":{"allow":["GET"]}}],"collection":[{"href":"https:\/\/analyse.optim.biz\/index.php?rest_route=\/wp\/v2\/posts"}],"about":[{"href":"https:\/\/analyse.optim.biz\/index.php?rest_route=\/wp\/v2\/types\/post"}],"author":[{"embeddable":true,"href":"https:\/\/analyse.optim.biz\/index.php?rest_route=\/wp\/v2\/users\/1"}],"replies":[{"embeddable":true,"href":"https:\/\/analyse.optim.biz\/index.php?rest_route=%2Fwp%2Fv2%2Fcomments&post=375166"}],"version-history":[{"count":0,"href":"https:\/\/analyse.optim.biz\/index.php?rest_route=\/wp\/v2\/posts\/375166\/revisions"}],"wp:attachment":[{"href":"https:\/\/analyse.optim.biz\/index.php?rest_route=%2Fwp%2Fv2%2Fmedia&parent=375166"}],"wp:term":[{"taxonomy":"category","embeddable":true,"href":"https:\/\/analyse.optim.biz\/index.php?rest_route=%2Fwp%2Fv2%2Fcategories&post=375166"},{"taxonomy":"post_tag","embeddable":true,"href":"https:\/\/analyse.optim.biz\/index.php?rest_route=%2Fwp%2Fv2%2Ftags&post=375166"}],"curies":[{"name":"wp","href":"https:\/\/api.w.org\/{rel}","templated":true}]}}