{"id":375164,"date":"2015-11-04T08:47:00","date_gmt":"2015-11-04T05:47:00","guid":{"rendered":"https:\/\/analyse.optim.biz\/?p=375164"},"modified":"2015-11-04T08:47:00","modified_gmt":"2015-11-04T05:47:00","slug":"cine-il-poate-inlocui-pe-ponta-dupa-ce-si-a-dat-demisia","status":"publish","type":"post","link":"https:\/\/analyse.optim.biz\/?p=375164","title":{"rendered":"Cine \u00eel poate \u00eenlocui pe Ponta dup\u0103 ce \u015fi-a dat demisia?!"},"content":{"rendered":"<div class=\"description\" data-key=\"description\">Premierul Victor Ponta \u015fi-a dat demisia \u00een urma protestului organizat aseara \u00een Bucure\u015fti \u015fi alte ora\u015fe importante ale \u0163\u0103rii. &#8220;Sunt gata s\u0103 fac eu acest gest pe care o parte important\u0103 din societate \u00eel a\u015fteapt\u0103.&#8221;, a declarat el.<\/div>\n<div class=\"articleBody\" data-key=\"articleBody\">\u00a0Premierul Victor Ponta \u015fi-a dat demisia \u00een urma protestului organizat aseara \u00een Bucure\u015fti \u015fi alte ora\u015fe importante ale \u0163\u0103rii. &#8220;Sunt gata s\u0103 fac eu acest gest pe care o parte important\u0103 din societate \u00eel a\u015fteapt\u0103.&#8221;, a declarat el.<br \/>\nUPDATE 11:00 Pre\u015fedintele PSD Liviu Dragnea a anun\u0163at miercuri diminea\u0163\u0103 c\u0103 premierul Victor Ponta a demisionat. La ora 13.00, liderul PSD a convocat coali\u0163ia de guvernare \u00een care se va decide dac\u0103 actuala majoritate mai func\u0163ioneaz\u0103 \u00een Parlament \u015fi f\u0103r\u0103 Victor Ponta. Liviu Dragnea n-a spus nimic despre o eventual\u0103 demisie a vicepremierului.<br \/>\n__________________________________<br \/>\nCine va veni \u00een locul lui Ponta? Ce se va \u00eent\u00e2mpla cu guvernul? Poate fi vorba despre Gabriel Oprea, din punct de vedere ierhic. \u00cens\u0103, cei 25.000 de rom\u00e2ni ie\u015fi\u0163i \u00een strad\u0103 au cerut, de asemenea \u015fi demisia lui. O alt\u0103 solu\u0163ie ar fi C\u0103t\u0103lin Predoiu, la propunerea PNL.\u00a0<\/div>\n<p> Source URL: https:\/\/observatornews.ro\/politic\/cine-il-poate-inlocui-pe-ponta-dupa-ce-sia-dat-demisia-165541.html<\/p>\n","protected":false},"excerpt":{"rendered":"<p>Premierul Victor Ponta \u015fi-a dat demisia \u00een urma protestului organizat aseara \u00een Bucure\u015fti \u015fi alte ora\u015fe importante ale \u0163\u0103rii. &#8220;Sunt gata s\u0103 fac eu acest gest pe care o parte important\u0103 din societate \u00eel a\u015fteapt\u0103.&#8221;, a declarat el. \u00a0Premierul Victor Ponta \u015fi-a dat demisia \u00een urma protestului organizat aseara \u00een Bucure\u015fti \u015fi alte ora\u015fe importante [&hellip;]<\/p>\n","protected":false},"author":1,"featured_media":0,"comment_status":"open","ping_status":"","sticky":false,"template":"","format":"standard","meta":{"footnotes":""},"categories":[2],"tags":[30],"class_list":["post-375164","post","type-post","status-publish","format-standard","hentry","category-politics","tag-observatornews-ro"],"_links":{"self":[{"href":"https:\/\/analyse.optim.biz\/index.php?rest_route=\/wp\/v2\/posts\/375164","targetHints":{"allow":["GET"]}}],"collection":[{"href":"https:\/\/analyse.optim.biz\/index.php?rest_route=\/wp\/v2\/posts"}],"about":[{"href":"https:\/\/analyse.optim.biz\/index.php?rest_route=\/wp\/v2\/types\/post"}],"author":[{"embeddable":true,"href":"https:\/\/analyse.optim.biz\/index.php?rest_route=\/wp\/v2\/users\/1"}],"replies":[{"embeddable":true,"href":"https:\/\/analyse.optim.biz\/index.php?rest_route=%2Fwp%2Fv2%2Fcomments&post=375164"}],"version-history":[{"count":0,"href":"https:\/\/analyse.optim.biz\/index.php?rest_route=\/wp\/v2\/posts\/375164\/revisions"}],"wp:attachment":[{"href":"https:\/\/analyse.optim.biz\/index.php?rest_route=%2Fwp%2Fv2%2Fmedia&parent=375164"}],"wp:term":[{"taxonomy":"category","embeddable":true,"href":"https:\/\/analyse.optim.biz\/index.php?rest_route=%2Fwp%2Fv2%2Fcategories&post=375164"},{"taxonomy":"post_tag","embeddable":true,"href":"https:\/\/analyse.optim.biz\/index.php?rest_route=%2Fwp%2Fv2%2Ftags&post=375164"}],"curies":[{"name":"wp","href":"https:\/\/api.w.org\/{rel}","templated":true}]}}