{"id":374971,"date":"2015-11-04T13:09:00","date_gmt":"2015-11-04T10:09:00","guid":{"rendered":"https:\/\/analyse.optim.biz\/?p=374971"},"modified":"2015-11-04T13:09:00","modified_gmt":"2015-11-04T10:09:00","slug":"declaratie-mircea-dusa-astept-sa-vedem-daca-presedintele-va-fi-de-acord-cu-nominalizarea-mea-ca-premier-interimar","status":"publish","type":"post","link":"https:\/\/analyse.optim.biz\/?p=374971","title":{"rendered":"DECLARA\u0162IE! Mircea Du\u0219a: &#8220;A\u0219tept s\u0103 vedem dac\u0103 pre\u0219edintele va fi de acord cu nominalizarea mea ca premier interimar.&#8221;"},"content":{"rendered":"<div class=\"description\" data-key=\"description\">Ministrul Ap\u0103r\u0103rii, Mircea Du\u0219a, a declarat miercuri c\u0103 a\u0219teapt\u0103 s\u0103 vad\u0103 dac\u0103 pre\u0219edintele Klaus Iohannis va fi de acord cu nominalizarea sa ca premier interimar, afirm\u00e2nd c\u0103 un prim-ministru interimar gestioneaz\u0103 doar problemele curente ale Guvernului, p\u00e2n\u0103 la desemnarea unui nou Cabinet.<\/div>\n<div class=\"articleBody\" data-key=\"articleBody\">\u00a0Ministrul Ap\u0103r\u0103rii, Mircea Du\u0219a, a declarat miercuri c\u0103 a\u0219teapt\u0103 s\u0103 vad\u0103 dac\u0103 pre\u0219edintele Klaus Iohannis va fi de acord cu nominalizarea sa ca premier interimar, afirm\u00e2nd c\u0103 un prim-ministru interimar gestioneaz\u0103 doar problemele curente ale Guvernului, p\u00e2n\u0103 la desemnarea unui nou Cabinet.<br \/>\n&#8220;Am avut \u00een cursul acestei dimine\u021bi o discu\u021bie cu pre\u0219edintele partidului, cu domnul Dragnea, \u0219i cu prim-ministrul legat de desemnarea ca premier interimar. S\u0103 vedem dac\u0103 domnul pre\u0219edinte va accepta acest lucru. Un premier interimar gestioneaz\u0103 doar problemele curente ale Guvernului, p\u00e2n\u0103 la desemnarea unui nou Guvern. Deocamdat\u0103 a\u0219tept s\u0103 vedem dac\u0103 \u0219i domnul pre\u0219edinte va fi de acord cu aceast\u0103 nominalizare&#8221;, a spus Du\u0219a, la Parlament.<br \/>\nPremierul Victor Ponta a anun\u021bat miercuri, la Parlament, c\u0103 \u00eel va propune prim-ministru interimar pe Mircea Du\u0219a, ministru al Ap\u0103r\u0103rii.<\/p>\n<p>Sursa: agerpres.ro<\/p><\/div>\n<p> Source URL: https:\/\/observatornews.ro\/politic\/dua-atept-sa-vedem-daca-preedintele-va-fi-de-acord-cu-nominalizarea-mea-ca-premier-interimar-165602.html<\/p>\n","protected":false},"excerpt":{"rendered":"<p>Ministrul Ap\u0103r\u0103rii, Mircea Du\u0219a, a declarat miercuri c\u0103 a\u0219teapt\u0103 s\u0103 vad\u0103 dac\u0103 pre\u0219edintele Klaus Iohannis va fi de acord cu nominalizarea sa ca premier interimar, afirm\u00e2nd c\u0103 un prim-ministru interimar gestioneaz\u0103 doar problemele curente ale Guvernului, p\u00e2n\u0103 la desemnarea unui nou Cabinet. \u00a0Ministrul Ap\u0103r\u0103rii, Mircea Du\u0219a, a declarat miercuri c\u0103 a\u0219teapt\u0103 s\u0103 vad\u0103 dac\u0103 pre\u0219edintele [&hellip;]<\/p>\n","protected":false},"author":1,"featured_media":0,"comment_status":"open","ping_status":"","sticky":false,"template":"","format":"standard","meta":{"footnotes":""},"categories":[2],"tags":[30],"class_list":["post-374971","post","type-post","status-publish","format-standard","hentry","category-politics","tag-observatornews-ro"],"_links":{"self":[{"href":"https:\/\/analyse.optim.biz\/index.php?rest_route=\/wp\/v2\/posts\/374971","targetHints":{"allow":["GET"]}}],"collection":[{"href":"https:\/\/analyse.optim.biz\/index.php?rest_route=\/wp\/v2\/posts"}],"about":[{"href":"https:\/\/analyse.optim.biz\/index.php?rest_route=\/wp\/v2\/types\/post"}],"author":[{"embeddable":true,"href":"https:\/\/analyse.optim.biz\/index.php?rest_route=\/wp\/v2\/users\/1"}],"replies":[{"embeddable":true,"href":"https:\/\/analyse.optim.biz\/index.php?rest_route=%2Fwp%2Fv2%2Fcomments&post=374971"}],"version-history":[{"count":0,"href":"https:\/\/analyse.optim.biz\/index.php?rest_route=\/wp\/v2\/posts\/374971\/revisions"}],"wp:attachment":[{"href":"https:\/\/analyse.optim.biz\/index.php?rest_route=%2Fwp%2Fv2%2Fmedia&parent=374971"}],"wp:term":[{"taxonomy":"category","embeddable":true,"href":"https:\/\/analyse.optim.biz\/index.php?rest_route=%2Fwp%2Fv2%2Fcategories&post=374971"},{"taxonomy":"post_tag","embeddable":true,"href":"https:\/\/analyse.optim.biz\/index.php?rest_route=%2Fwp%2Fv2%2Ftags&post=374971"}],"curies":[{"name":"wp","href":"https:\/\/api.w.org\/{rel}","templated":true}]}}