{"id":374969,"date":"2015-11-04T13:18:00","date_gmt":"2015-11-04T10:18:00","guid":{"rendered":"https:\/\/analyse.optim.biz\/?p=374969"},"modified":"2015-11-04T13:18:00","modified_gmt":"2015-11-04T10:18:00","slug":"nastase-ponta-a-facut-un-lucru-extrem-de-intelept","status":"publish","type":"post","link":"https:\/\/analyse.optim.biz\/?p=374969","title":{"rendered":"N\u0103stase: &#8220;Ponta a f\u0103cut un lucru extrem de \u00een\u021belept!&#8221;"},"content":{"rendered":"<div class=\"description\" data-key=\"description\">Premierul Victor Ponta a f\u0103cut un lucru extrem de \u00een\u021belept &#8211; a l\u0103sat f\u0103r\u0103 obiect, prin demisia lui, o ac\u021biune care s-ar fi dezvoltat \u00een bulg\u0103re de z\u0103pad\u0103, consider\u0103 fostul premier Adrian N\u0103stase.<\/div>\n<div class=\"articleBody\" data-key=\"articleBody\">\u00a0Premierul Victor Ponta a f\u0103cut un lucru extrem de \u00een\u021belept &#8211; a l\u0103sat f\u0103r\u0103 obiect, prin demisia lui, o ac\u021biune care s-ar fi dezvoltat \u00een bulg\u0103re de z\u0103pad\u0103, consider\u0103 fostul premier Adrian N\u0103stase.<br \/>\n&#8220;Apoi, l-a determinat \u0219i pe primarul Piedone s\u0103 demisioneze \u0219i a aruncat un cartof fierbinte \u00een bra\u021bele lui Johannis, ale lui Dragnea \u0219i ale liderilor PNL. Dac\u0103 se p\u0103streaz\u0103 Coali\u021bia, desemnarea unui candidat de premier se va dovedi dificil\u0103. PNL, con\u0219tient de acest lucru, va milita pentru alegeri anticipate \u2014 decizie greu de pus \u00een practic\u0103, mai ales c\u0103 ele ar trebui s\u0103 aib\u0103 loc cam cu o jum\u0103tate de an \u00eenaintea celor la termen. \u0218i \u00een condi\u021biile \u00een care trei sferturi din parlamentari, care nu se vor mai reg\u0103si pe viitoarele liste, nu vor putea fi convin\u0219i de o astfel de strategie. Pentru Johannis, a for\u021ba numirea unor candida\u021bi &#8216;no name&#8217; pentru a ob\u021bine, \u00een dou\u0103 r\u00e2nduri, un vot de ne\u00eencredere \u00een Parlament este riscant prin consecin\u021bele ce pot apare \u00een ceea ce \u00eenseamn\u0103 propriul s\u0103u mandat. A for\u021ba desemnarea unui guvern minoritar PNL ar fi, de asemenea, riscant, \u00een ambele variante&#8221;, a scris N\u0103stase pe blog.<br \/>\n\u00cen opinia acestuia, Ponta \u0219i-a ales un motiv oportun pentru a ie\u0219i, deocamdat\u0103, din scen\u0103.<br \/>\n&#8220;R\u0103m\u00e2n \u00een scen\u0103 cei care sprijin\u0103 &#8216;t\u0103ierea la ras&#8217; a clasei politice, &#8216;defri\u0219area politic\u0103&#8217;, ne\u00een\u021beleg\u00e2nd c\u0103 schimb\u0103rile trebuie realizate \u00een mod gradual. Deschiderea Cutiei Pandorei \u00een momentul \u00een care exist\u0103 instabilitate politic\u0103 la frontierele Rom\u00e2niei \u2014 vezi situa\u021bia din Ucraina, din Republica Moldova, din Marea Neagr\u0103, anumite abord\u0103ri din Ungaria, nu mi se pare un lucru foarte \u00een\u021belept. Iar desf\u0103\u0219urarea acestor evenimente, \u00een momentul \u00een care are loc la Bucure\u0219ti Reuniunea la v\u00e2rf a \u0219efilor de stat din Europa central\u0103 \u0219i de est, va sl\u0103bi mesajul \u0219i semnifica\u021bia acestei \u00eent\u00e2lniri. Nu \u0219tiu de ce mi-au venit \u00een minte \u0219i unele evenimente de la Chi\u0219in\u0103u&#8230;&#8221;, a ad\u0103ugat Adrian N\u0103stase.<br \/>\n\u00cen ceea ce prive\u0219te ie\u0219irea de mar\u021bi a tinerilor \u00een mai multe ora\u0219e din \u021bar\u0103, fostul premier a ar\u0103tat c\u0103 se g\u00e2nde\u0219te nu at\u00e2t la ce s-a \u00eent\u00e2mplat \u00een ianuarie 2012 \u00een Pia\u021ba Universit\u0103\u021bii, ci, mai cur\u00e2nd, la revolta tinerilor din Fran\u021ba din mai 1968.<br \/>\n&#8220;Evident, ceea ce s-a \u00eent\u00e2mplat la Clubul Colectiv, tragedia de acolo, cu o dimensiune emo\u021bional\u0103 imens\u0103, a reprezentat &#8216;sc\u00e2nteia&#8217; ce a declan\u0219at, extrem de rapid, prin mesaje fb, ie\u0219irea \u00een strad\u0103. Sigur c\u0103 ace\u0219ti tineri, \u00een majoritate de 20-30 de ani, nu pot s\u0103 cunoasc\u0103 \u00een \u00eentregime ce s-a \u00eent\u00e2mplat &#8216;\u00een ultimii 26 de ani&#8217;. Lozincile lor, diferite (dar confec\u021bionate din acelea\u0219i materiale \u0219i scrise cu acelea\u0219i litere), vizeaz\u0103 global &#8216;clasa politic\u0103&#8217;, dar, concret, politicieni dintr-o singur\u0103 zon\u0103 politic\u0103. Interpretarea mea este c\u0103 ie\u0219irea \u00een strad\u0103 s-a datorat unor nemul\u021bumiri multiple. (&#8230;) O acumulare de fapte, de evenimente, de tr\u0103iri, de aspira\u021bii ne\u00eemplinite. Toate acestea au generat o imens\u0103 tensiune social\u0103. Desigur, nu vreau s\u0103 cred c\u0103 au existat diversiuni sau manipul\u0103ri. \u00centr-o societate democratic\u0103, astfel de lucruri nu se pot \u00eent\u00e2mpla&#8221;, a mai ar\u0103tat N\u0103stase.<br \/>\nPostarea are \u0219i un PS: &#8220;V\u0103 rog s\u0103-l ajuta\u021bi pe B\u0103sescu s\u0103 \u00een\u021beleag\u0103 c\u0103 nu este vorba de distrac\u021bia tinerilor \u0219i de cluburi. Este mult mai mult dec\u00e2t at\u00e2t. Inclusiv de cele dou\u0103 mandate ale sale&#8221;.<\/p>\n<p>Sursa: agerpres.ro<\/p><\/div>\n<p> Source URL: https:\/\/observatornews.ro\/politic\/nastase-ponta-a-facut-un-lucru-extrem-de-inelept-165604.html<\/p>\n","protected":false},"excerpt":{"rendered":"<p>Premierul Victor Ponta a f\u0103cut un lucru extrem de \u00een\u021belept &#8211; a l\u0103sat f\u0103r\u0103 obiect, prin demisia lui, o ac\u021biune care s-ar fi dezvoltat \u00een bulg\u0103re de z\u0103pad\u0103, consider\u0103 fostul premier Adrian N\u0103stase. \u00a0Premierul Victor Ponta a f\u0103cut un lucru extrem de \u00een\u021belept &#8211; a l\u0103sat f\u0103r\u0103 obiect, prin demisia lui, o ac\u021biune care s-ar [&hellip;]<\/p>\n","protected":false},"author":1,"featured_media":374970,"comment_status":"open","ping_status":"","sticky":false,"template":"","format":"standard","meta":{"footnotes":""},"categories":[2],"tags":[30],"class_list":["post-374969","post","type-post","status-publish","format-standard","has-post-thumbnail","hentry","category-politics","tag-observatornews-ro"],"_links":{"self":[{"href":"https:\/\/analyse.optim.biz\/index.php?rest_route=\/wp\/v2\/posts\/374969","targetHints":{"allow":["GET"]}}],"collection":[{"href":"https:\/\/analyse.optim.biz\/index.php?rest_route=\/wp\/v2\/posts"}],"about":[{"href":"https:\/\/analyse.optim.biz\/index.php?rest_route=\/wp\/v2\/types\/post"}],"author":[{"embeddable":true,"href":"https:\/\/analyse.optim.biz\/index.php?rest_route=\/wp\/v2\/users\/1"}],"replies":[{"embeddable":true,"href":"https:\/\/analyse.optim.biz\/index.php?rest_route=%2Fwp%2Fv2%2Fcomments&post=374969"}],"version-history":[{"count":0,"href":"https:\/\/analyse.optim.biz\/index.php?rest_route=\/wp\/v2\/posts\/374969\/revisions"}],"wp:featuredmedia":[{"embeddable":true,"href":"https:\/\/analyse.optim.biz\/index.php?rest_route=\/wp\/v2\/media\/374970"}],"wp:attachment":[{"href":"https:\/\/analyse.optim.biz\/index.php?rest_route=%2Fwp%2Fv2%2Fmedia&parent=374969"}],"wp:term":[{"taxonomy":"category","embeddable":true,"href":"https:\/\/analyse.optim.biz\/index.php?rest_route=%2Fwp%2Fv2%2Fcategories&post=374969"},{"taxonomy":"post_tag","embeddable":true,"href":"https:\/\/analyse.optim.biz\/index.php?rest_route=%2Fwp%2Fv2%2Ftags&post=374969"}],"curies":[{"name":"wp","href":"https:\/\/api.w.org\/{rel}","templated":true}]}}