{"id":374815,"date":"2015-11-05T16:01:00","date_gmt":"2015-11-05T13:01:00","guid":{"rendered":"https:\/\/analyse.optim.biz\/?p=374815"},"modified":"2015-11-05T16:01:00","modified_gmt":"2015-11-05T13:01:00","slug":"demisia-tuturor-parlamentarilor-cine-o-propune-pentru-a-se-ajunge-la-anticipate","status":"publish","type":"post","link":"https:\/\/analyse.optim.biz\/?p=374815","title":{"rendered":"\u201eDEMISIA TUTUROR PARLAMENTARILOR!\u201d. Cine o propune pentru a se ajunge la ANTICIPATE"},"content":{"rendered":"<div class=\"description\" data-key=\"description\">PNL consider\u0103 c\u0103 alegerile anticipate sunt necesare \u0219i realizabile pe mai multe c\u0103i constitu\u021bionale, una dintre acestea fiind demisia tuturor membrilor Parlamentului<\/div>\n<div class=\"articleBody\" data-key=\"articleBody\">PNL consider\u0103 c\u0103 alegerile anticipate sunt necesare \u0219i realizabile pe mai multe c\u0103i constitu\u021bionale, una dintre acestea fiind demisia tuturor membrilor Parlamentului.<br \/>\n&#8220;Chiar dac\u0103 nu exist\u0103 prevederi constitu\u021bionale explicite \u00een acest sens, este evident faptul c\u0103 un Parlament cu zero membri nu mai are mandat pentru a-\u0219i continua activitatea. \u00cen ceea ce prive\u0219te organizarea alegerilor parlamentare, singura lege aflat\u0103 \u00een vigoare este cea adoptat\u0103 de Parlament \u00een luna iulie a acestui an. Aceast\u0103 lege, care reglementeaz\u0103 un sistem de alegeri pe liste, nu se refer\u0103 la organizarea de alegeri par\u021biale&#8221;, se arat\u0103 \u00eentr-un comunicat remis de PNL.<br \/>\nPotrivit sursei citate, vechea lege a alegerilor parlamentare 35\/2008 a fost abrogat\u0103 de noua lege a alegerilor parlamentare 208\/2015, care a intrat \u00een vigoare la finalul lunii iulie a acestui an, \u00een concluzie singura lege care ar fi f\u0103cut posibile alegerile par\u021biale nu mai este \u00een vigoare.<br \/>\n&#8220;\u00cen acela\u0219i timp atragem aten\u021bia asupra faptului c\u0103 principiile constitu\u021bionale nu permit un vid legislativ \u00een materia legilor electorale, astfel \u00eenc\u00e2t teza privind imposibilitatea aplic\u0103rii noilor norme privind alegerile parlamentare este complet eronat\u0103. De altfel, decizia Cur\u021bii Constitu\u021bionale nr. 51\/ 2012 se refer\u0103 la organizarea de alegeri la termen \u0219i impune restric\u021bii privind modificarea legilor electorale \u00een func\u021bie de acest reper. Situa\u021bia anticipatelor este un caz special care nu a fost niciodat\u0103 \u00een analiza Cur\u021bii Constitu\u021bionale, \u00eens\u0103 exercitarea voin\u021bei poporului \u00een privin\u021ba alegerilor anticipate nu poate fi \u00eengr\u0103dit\u0103 de momentul prealabil adopt\u0103rii unei astfel de legi&#8221;, precizeaz\u0103 liberalii.<br \/>\nPNL face apel la for\u021bele politice parlamentare s\u0103 dea dovad\u0103 de voin\u021b\u0103 politic\u0103 \u00een sensul organiz\u0103rii de alegeri anticipate \u0219i nu pentru men\u021binerea cu orice pre\u021b a lipsei de legitimitate actuale.<br \/>\nUPDATE ORA 17.09 Pre\u0219edintele se consult\u0103 cu reprezentan\u021bii PNL; Iohannis: Este o etap\u0103 grea<br \/>\nConsult\u0103rile dintre pre\u0219edintele Klaus Iohannis \u0219i reprezentan\u021bii Partidului Na\u021bional Liberal pentru desemnarea unui nou premier au \u00eenceput, joi, la Palatul Cotroceni.<br \/>\nDin delega\u021bia PNL fac parte copre\u0219edin\u021bii Alina Gorghiu \u0219i Vasile Blaga, precum \u0219i pre\u0219edintele de onoare al partidului, Mircea Ionescu Quintus.<br \/>\n&#8220;Este o etap\u0103 grea, dificil\u0103, care a rezultat dintr-o tragedie care a declan\u0219at aceste schimb\u0103ri politice \u0219i sper s\u0103 g\u0103sim solu\u021biile cele mai potrivite&#8221;, a declarat \u0219eful statului, \u00een debutul discu\u021biilor.<br \/>\nKlaus Iohannis a avut deja consult\u0103ri cu reprezentan\u021bii PSD, urm\u00e2nd ca dup\u0103 discu\u021biile cu delega\u021bia PNL s\u0103 urmeze consult\u0103ri cu Uniunea Democrat\u0103 Maghiar\u0103 din Rom\u00e2nia de la ora 18,00, apoi cu reprezentan\u021bi ai grupului parlamentar al minorit\u0103\u021bilor na\u021bionale de la ora 19,00.<br \/>\nVineri, de la ora 11,30, sunt invitate la consult\u0103ri Uniunea Na\u021bional\u0103 pentru Progresul Rom\u00e2niei, iar de la ora 12,30 Alian\u021ba Liberalilor \u0219i Democra\u021bilor.<br \/>\nPre\u0219edintele Klaus Iohannis a anun\u021bat, joi, c\u0103, pe l\u00e2ng\u0103 discu\u021biile cu partidele parlamentare pentru desemnarea unui nou premier, va avea consult\u0103ri \u0219i cu societatea civil\u0103 pe acest subiect.<br \/>\n&#8220;Am decis ca \u00een continuarea consult\u0103rilor cu partidele politice pe care le-am planificat pentru ast\u0103zi \u0219i pentru m\u00e2ine s\u0103 consult \u00een premier\u0103 un nou actor: societatea civil\u0103. Voi convoca pentru vineri dup\u0103-amiaz\u0103 un grup care reprezint\u0103 at\u00e2t societatea civil\u0103, c\u00e2t \u0219i ceea ce se nume\u0219te strada. Este important pentru mine \u0219i doresc s\u0103 le cunosc p\u0103rerile \u0219i op\u021biunile&#8221;, a spus Iohannis.<br \/>\nPremierul Victor Ponta a demisionat miercuri din func\u021bie. \u0218eful statului a semnat joi decretul prin care a luat act de demisia acestuia. De asemenea, Iohannis l-a numit pe Sorin C\u00eempeanu premier interimar.\u00a0<\/div>\n<p> Source URL: https:\/\/observatornews.ro\/politic\/demisia-tuturor-parlamentarilor-cine-o-propune-pentru-a-se-ajunge-la-anticipate-165734.html<\/p>\n","protected":false},"excerpt":{"rendered":"<p>PNL consider\u0103 c\u0103 alegerile anticipate sunt necesare \u0219i realizabile pe mai multe c\u0103i constitu\u021bionale, una dintre acestea fiind demisia tuturor membrilor Parlamentului PNL consider\u0103 c\u0103 alegerile anticipate sunt necesare \u0219i realizabile pe mai multe c\u0103i constitu\u021bionale, una dintre acestea fiind demisia tuturor membrilor Parlamentului. &#8220;Chiar dac\u0103 nu exist\u0103 prevederi constitu\u021bionale explicite \u00een acest sens, este [&hellip;]<\/p>\n","protected":false},"author":1,"featured_media":374816,"comment_status":"open","ping_status":"","sticky":false,"template":"","format":"standard","meta":{"footnotes":""},"categories":[2],"tags":[30],"class_list":["post-374815","post","type-post","status-publish","format-standard","has-post-thumbnail","hentry","category-politics","tag-observatornews-ro"],"_links":{"self":[{"href":"https:\/\/analyse.optim.biz\/index.php?rest_route=\/wp\/v2\/posts\/374815","targetHints":{"allow":["GET"]}}],"collection":[{"href":"https:\/\/analyse.optim.biz\/index.php?rest_route=\/wp\/v2\/posts"}],"about":[{"href":"https:\/\/analyse.optim.biz\/index.php?rest_route=\/wp\/v2\/types\/post"}],"author":[{"embeddable":true,"href":"https:\/\/analyse.optim.biz\/index.php?rest_route=\/wp\/v2\/users\/1"}],"replies":[{"embeddable":true,"href":"https:\/\/analyse.optim.biz\/index.php?rest_route=%2Fwp%2Fv2%2Fcomments&post=374815"}],"version-history":[{"count":0,"href":"https:\/\/analyse.optim.biz\/index.php?rest_route=\/wp\/v2\/posts\/374815\/revisions"}],"wp:featuredmedia":[{"embeddable":true,"href":"https:\/\/analyse.optim.biz\/index.php?rest_route=\/wp\/v2\/media\/374816"}],"wp:attachment":[{"href":"https:\/\/analyse.optim.biz\/index.php?rest_route=%2Fwp%2Fv2%2Fmedia&parent=374815"}],"wp:term":[{"taxonomy":"category","embeddable":true,"href":"https:\/\/analyse.optim.biz\/index.php?rest_route=%2Fwp%2Fv2%2Fcategories&post=374815"},{"taxonomy":"post_tag","embeddable":true,"href":"https:\/\/analyse.optim.biz\/index.php?rest_route=%2Fwp%2Fv2%2Ftags&post=374815"}],"curies":[{"name":"wp","href":"https:\/\/api.w.org\/{rel}","templated":true}]}}