{"id":374786,"date":"2015-11-05T16:49:00","date_gmt":"2015-11-05T13:49:00","guid":{"rendered":"https:\/\/analyse.optim.biz\/?p=374786"},"modified":"2015-11-05T16:49:00","modified_gmt":"2015-11-05T13:49:00","slug":"presedintele-iohannis-se-consulta-cu-reprezentantii-udmr","status":"publish","type":"post","link":"https:\/\/analyse.optim.biz\/?p=374786","title":{"rendered":"Pre\u0219edintele Iohannis se consult\u0103 cu reprezentan\u021bii UDMR"},"content":{"rendered":"<div class=\"description\" data-key=\"description\">Consult\u0103rile dintre pre\u0219edintele Klaus Iohannis \u0219i reprezentan\u021bii Uniunii Democrate Maghiare din Rom\u00e2nia pentru desemnarea unui nou premier au \u00eenceput, joi seara, la Palatul Cotroceni<\/div>\n<div class=\"articleBody\" data-key=\"articleBody\">Consult\u0103rile dintre pre\u0219edintele Klaus Iohannis \u0219i reprezentan\u021bii Uniunii Democrate Maghiare din Rom\u00e2nia pentru desemnarea unui nou premier au \u00eenceput, joi seara, la Palatul Cotroceni.<\/p>\n<p>Din delega\u021bia UDMR fac parte pre\u0219edintele Uniunii, Kelemen Hunor, \u0219i parlamentarii Marton Arpad \u0219i Tanczos Barna.<br \/>\n&#8220;Am \u00eenceput ast\u0103zi prima serie de consult\u0103ri politice pentru a c\u0103uta cele mai bune solu\u021bii de ie\u0219ire din aceast\u0103 criz\u0103 care este mult mai mult dec\u00e2t o criz\u0103 guvernamental\u0103, ci este vorba de un nou mod de a face politic\u0103&#8221;, a spus \u0219eful statului.<br \/>\nPre\u0219edintele Klaus Iohannis a avut deja consult\u0103ri cu reprezentan\u021bii PSD \u0219i PNL, urm\u00e2nd ca, dup\u0103 discu\u021biile cu delega\u021bia UDMR, s\u0103 aib\u0103 o \u00eent\u00e2lnire cu reprezentan\u021bi ai grupului parlamentar al minorit\u0103\u021bilor na\u021bionale.<br \/>\nVineri diminea\u021ba, sunt invitate la consult\u0103ri Uniunea Na\u021bional\u0103 pentru Progresul Rom\u00e2niei \u0219i Alian\u021ba Liberalilor \u0219i Democra\u021bilor.<br \/>\nPre\u0219edintele Klaus Iohannis a anun\u021bat, joi, c\u0103, pe l\u00e2ng\u0103 discu\u021biile cu partidele parlamentare pentru desemnarea unui nou premier, va avea consult\u0103ri \u0219i cu societatea civil\u0103 pe acest subiect.<br \/>\n&#8220;Am decis ca \u00een continuarea consult\u0103rilor cu partidele politice pe care le-am planificat pentru ast\u0103zi \u0219i pentru m\u00e2ine s\u0103 consult \u00een premier\u0103 un nou actor: societatea civil\u0103. Voi convoca pentru vineri dup\u0103-amiaz\u0103 un grup care reprezint\u0103 at\u00e2t societatea civil\u0103, c\u00e2t \u0219i ceea ce se nume\u0219te strada. Este important pentru mine \u0219i doresc s\u0103 le cunosc p\u0103rerile \u0219i op\u021biunile&#8221;, a spus Iohannis.<br \/>\nPremierul Victor Ponta a demisionat miercuri din func\u021bie. \u0218eful statului a semnat joi decretul prin care a luat act de demisia acestuia. De asemenea, Iohannis l-a numit pe Sorin C\u00eempeanu premier interimar.\u00a0<\/p><\/div>\n<p> Source URL: https:\/\/observatornews.ro\/politic\/preedintele-iohannis-se-consulta-cu-reprezentanii-udmr-165736.html<\/p>\n","protected":false},"excerpt":{"rendered":"<p>Consult\u0103rile dintre pre\u0219edintele Klaus Iohannis \u0219i reprezentan\u021bii Uniunii Democrate Maghiare din Rom\u00e2nia pentru desemnarea unui nou premier au \u00eenceput, joi seara, la Palatul Cotroceni Consult\u0103rile dintre pre\u0219edintele Klaus Iohannis \u0219i reprezentan\u021bii Uniunii Democrate Maghiare din Rom\u00e2nia pentru desemnarea unui nou premier au \u00eenceput, joi seara, la Palatul Cotroceni. Din delega\u021bia UDMR fac parte pre\u0219edintele Uniunii, [&hellip;]<\/p>\n","protected":false},"author":1,"featured_media":374787,"comment_status":"open","ping_status":"","sticky":false,"template":"","format":"standard","meta":{"footnotes":""},"categories":[2],"tags":[30],"class_list":["post-374786","post","type-post","status-publish","format-standard","has-post-thumbnail","hentry","category-politics","tag-observatornews-ro"],"_links":{"self":[{"href":"https:\/\/analyse.optim.biz\/index.php?rest_route=\/wp\/v2\/posts\/374786","targetHints":{"allow":["GET"]}}],"collection":[{"href":"https:\/\/analyse.optim.biz\/index.php?rest_route=\/wp\/v2\/posts"}],"about":[{"href":"https:\/\/analyse.optim.biz\/index.php?rest_route=\/wp\/v2\/types\/post"}],"author":[{"embeddable":true,"href":"https:\/\/analyse.optim.biz\/index.php?rest_route=\/wp\/v2\/users\/1"}],"replies":[{"embeddable":true,"href":"https:\/\/analyse.optim.biz\/index.php?rest_route=%2Fwp%2Fv2%2Fcomments&post=374786"}],"version-history":[{"count":0,"href":"https:\/\/analyse.optim.biz\/index.php?rest_route=\/wp\/v2\/posts\/374786\/revisions"}],"wp:featuredmedia":[{"embeddable":true,"href":"https:\/\/analyse.optim.biz\/index.php?rest_route=\/wp\/v2\/media\/374787"}],"wp:attachment":[{"href":"https:\/\/analyse.optim.biz\/index.php?rest_route=%2Fwp%2Fv2%2Fmedia&parent=374786"}],"wp:term":[{"taxonomy":"category","embeddable":true,"href":"https:\/\/analyse.optim.biz\/index.php?rest_route=%2Fwp%2Fv2%2Fcategories&post=374786"},{"taxonomy":"post_tag","embeddable":true,"href":"https:\/\/analyse.optim.biz\/index.php?rest_route=%2Fwp%2Fv2%2Ftags&post=374786"}],"curies":[{"name":"wp","href":"https:\/\/api.w.org\/{rel}","templated":true}]}}