{"id":374781,"date":"2015-11-06T06:40:00","date_gmt":"2015-11-06T03:40:00","guid":{"rendered":"https:\/\/analyse.optim.biz\/?p=374781"},"modified":"2015-11-06T06:40:00","modified_gmt":"2015-11-06T03:40:00","slug":"alerta-ponta-s-a-prezentat-la-inalta-curte-de-casatie-si-justitie","status":"publish","type":"post","link":"https:\/\/analyse.optim.biz\/?p=374781","title":{"rendered":"ALERT\u0102! Ponta s-a prezentat la \u00cenalta Curte de Casa\u021bie \u0219i Justi\u021bie!"},"content":{"rendered":"<div class=\"description\" data-key=\"description\">Fostul premier Victor Ponta s-a prezentat vineri la \u00cenalta Curte de Casa\u021bie \u0219i Justi\u021bie \u00een dosarul \u00een care a fost trimis \u00een judecat\u0103 de DNA pentru fals \u00een \u00eenscrisuri sub semn\u0103tur\u0103 privat\u0103, complicitate la evaziune fiscal\u0103, \u00een form\u0103 continuat\u0103, \u0219i sp\u0103larea banilor, fapte s\u0103v\u00e2r\u0219ite \u00een calitate de avocat.<\/div>\n<div class=\"articleBody\" data-key=\"articleBody\">\u00a0Fostul premier Victor Ponta s-a prezentat vineri la \u00cenalta Curte de Casa\u021bie \u0219i Justi\u021bie \u00een dosarul \u00een care a fost trimis \u00een judecat\u0103 de DNA pentru fals \u00een \u00eenscrisuri sub semn\u0103tur\u0103 privat\u0103, complicitate la evaziune fiscal\u0103, \u00een form\u0103 continuat\u0103, \u0219i sp\u0103larea banilor, fapte s\u0103v\u00e2r\u0219ite \u00een calitate de avocat.<br \/>\nPonta nu a vrut s\u0103 fac\u0103 declara\u021bii.<br \/>\nPrimul termen al procesului a avut loc pe 21 septembrie, \u00eens\u0103 Ponta nu s-a prezentat atunci \u00een sala de judecat\u0103, instan\u021ba discut\u00e2nd doar men\u021binerea controlului judiciar \u00een cazul lui Dan \u0218ova.<br \/>\nVictor Ponta a fost trimis \u00een judecat\u0103 de DNA pentru fals \u00een \u00eenscrisuri sub semn\u0103tur\u0103 privat\u0103 (17 infrac\u021biuni), complicitate la evaziune fiscal\u0103, \u00een form\u0103 continuat\u0103, \u0219i sp\u0103larea banilor, fapte s\u0103v\u00e2r\u0219ite \u00een calitate de avocat, reprezentant legal al Cabinetului Individual de Avocat &#8221;Ponta Victor-Viorel&#8221;.<br \/>\n\u00cen dosar mai sunt trimi\u0219i \u00een judecat\u0103 senatorul Dan \u0218ova, sub control judiciar, avocat coordonator al Societ\u0103\u021bii Civile de Avoca\u021bi &#8221;\u0218ova \u0219i Asocia\u021bii&#8221;, Lauren\u021biu Ciurel, la data faptelor av\u00e2nd calitatea de director general al SC Complexul Energetic Rovinari SA, Dumitru Cristea, la data faptelor director general al Complexului Energetic Turceni, \u0219i Octavian Lauren\u021biu Graure, la data faptelor director economic al Complexului Energetic Turceni.<br \/>\nProcurorii sus\u021bin c\u0103, \u00een perioada octombrie 2007 \u2014 decembrie 2008, Victor Ponta, prin cabinetul individual de avocatur\u0103, a ob\u021binut de la SCA &#8221;\u0218ova \u0219i Asocia\u021bii&#8221; suma de peste 181.000 lei, pentru presupuse activit\u0103\u021bi efectuate \u00een conlucrare, dar care, \u00een realitate, nu s-au efectuat.<br \/>\n&#8220;Astfel, la 30 august 2007, \u00eentre SCA &#8216;\u0218ova \u0219i Asocia\u021bii&#8217;, reprezentat\u0103 de \u0218ova, \u0219i Cabinetul Individual de Avocat &#8216;Ponta Victor-Viorel&#8217;, reprezentat de Ponta, s-a \u00eencheiat o conven\u021bie de conlucrare profesional\u0103, av\u00e2nd ca obiect conlucrarea celor dou\u0103 p\u0103r\u021bi \u00een dosarele de natur\u0103 penal\u0103, de drept penal al afacerilor, precum \u0219i \u00een alte cauze \u00een care se va ivi necesitatea. Conven\u021bia s-a \u00eencheiat pe o perioad\u0103 nedeterminat\u0103. \u00cen conven\u021bie s-a prev\u0103zut c\u0103, pentru lucr\u0103rile profesionale efectuate \u00een conlucrare, onorariile s\u0103 fie \u00eencasate de societatea de avoca\u021bi, iar avocatul Ponta s\u0103 primeasc\u0103 o sum\u0103 fix\u0103 de 2.000 euro, pentru care va emite o factur\u0103 lunar\u0103. Prin procesul-verbal din 29 octombrie 2007, inculpa\u021bii au hot\u0103r\u00e2t suplimentarea cu 1.000 euro a onorariului cuvenit inculpatului Ponta pentru octombrie 2007 (lun\u0103 \u00een care \u0218ova s-a \u00een\u021beles cu Cristea Dumitru s\u0103 \u00eencheie un contract de asisten\u021b\u0103 juridic\u0103 prev\u0103zut cu comision de succes)&#8221;, sus\u021bine DNA.<br \/>\nAnchetatorii au re\u021binut c\u0103, \u00een 27 martie 2008, inculpa\u021bii au \u00eencheiat un act adi\u021bional la conven\u021bia de conlucrare profesional\u0103, \u00een sensul c\u0103 s-a modificat onorariul cuvenit lui Ponta la suma de 3.000 euro (cu o lun\u0103 \u00eenainte, cele dou\u0103 complexuri energetice \u00eencheiaser\u0103 cu SCA &#8221;\u0218ova \u0219i Asocia\u021bii&#8221; alte contracte de asisten\u021b\u0103 juridic\u0103 prev\u0103zute cu comision de succes).<br \/>\n&#8220;Conven\u021bia de conlucrare s-a \u00eencheiat \u00een decembrie 2008, moment \u00een care Ponta a devenit ministru. Pentru presupusele activit\u0103\u021bi efectuate \u00een conlucrare, avocatul Ponta a emis \u00een perioada octombrie 2007 \u2014 decembrie 2008 un num\u0103r de 17 facturi fiscale \u00een valoare de 181.439,98 lei. Facturile fiscale au fost transmise spre decontare societ\u0103\u021bii de avoca\u021bi SCA &#8216;\u0218ova \u0219i Asocia\u021bii&#8217;, care a efectuat plata contravalorii lor, dup\u0103 care le-a \u00eenregistrat \u00een contabilitate. Sumele aferente celor 17 facturi reprezint\u0103 cheltuieli ce nu au la baz\u0103 opera\u021biuni reale, av\u00e2nd \u00een vedere c\u0103, \u00een realitate, Victor Ponta nu a efectuat niciun fel de activitate profesional\u0103 \u00een temeiul conven\u021biei de conlucrare. Dan \u0218ova a fost singura persoan\u0103 cu drept de dispozi\u021bie \u00een privin\u021ba oric\u0103ror ac\u021biuni de orice natur\u0103 care implicau societatea de avoca\u021bi&#8221;, men\u021bioneaz\u0103 DNA.<br \/>\nSursa citat\u0103 precizeaz\u0103 c\u0103, din probe, a rezultat c\u0103, prin \u00eencheierea contractului de conlucrare, s-a urm\u0103rit bonificarea lui Victor Ponta pentru contractele \u00eencheiate de SCA &#8221;\u0218ova \u0219i Asocia\u021bii&#8221; cu complexurile energetice. Procurorii consider\u0103 c\u0103 aceste contracte nu s-ar fi \u00eencheiat dac\u0103, la nivelul companiilor de stat, nu ar fi existat percep\u021bia c\u0103 \u0218ova beneficiaz\u0103 de sus\u021binerea lui Victor Ponta.<\/p>\n<p>Sursa: agerpres.ro<\/p><\/div>\n<p> Source URL: https:\/\/observatornews.ro\/politic\/alerta-ponta-sa-prezentat-la-inalta-curte-de-casaie-i-justiie-165783.html<\/p>\n","protected":false},"excerpt":{"rendered":"<p>Fostul premier Victor Ponta s-a prezentat vineri la \u00cenalta Curte de Casa\u021bie \u0219i Justi\u021bie \u00een dosarul \u00een care a fost trimis \u00een judecat\u0103 de DNA pentru fals \u00een \u00eenscrisuri sub semn\u0103tur\u0103 privat\u0103, complicitate la evaziune fiscal\u0103, \u00een form\u0103 continuat\u0103, \u0219i sp\u0103larea banilor, fapte s\u0103v\u00e2r\u0219ite \u00een calitate de avocat. \u00a0Fostul premier Victor Ponta s-a prezentat vineri [&hellip;]<\/p>\n","protected":false},"author":1,"featured_media":374783,"comment_status":"open","ping_status":"","sticky":false,"template":"","format":"standard","meta":{"footnotes":""},"categories":[2],"tags":[30],"class_list":["post-374781","post","type-post","status-publish","format-standard","has-post-thumbnail","hentry","category-politics","tag-observatornews-ro"],"_links":{"self":[{"href":"https:\/\/analyse.optim.biz\/index.php?rest_route=\/wp\/v2\/posts\/374781","targetHints":{"allow":["GET"]}}],"collection":[{"href":"https:\/\/analyse.optim.biz\/index.php?rest_route=\/wp\/v2\/posts"}],"about":[{"href":"https:\/\/analyse.optim.biz\/index.php?rest_route=\/wp\/v2\/types\/post"}],"author":[{"embeddable":true,"href":"https:\/\/analyse.optim.biz\/index.php?rest_route=\/wp\/v2\/users\/1"}],"replies":[{"embeddable":true,"href":"https:\/\/analyse.optim.biz\/index.php?rest_route=%2Fwp%2Fv2%2Fcomments&post=374781"}],"version-history":[{"count":0,"href":"https:\/\/analyse.optim.biz\/index.php?rest_route=\/wp\/v2\/posts\/374781\/revisions"}],"wp:featuredmedia":[{"embeddable":true,"href":"https:\/\/analyse.optim.biz\/index.php?rest_route=\/wp\/v2\/media\/374783"}],"wp:attachment":[{"href":"https:\/\/analyse.optim.biz\/index.php?rest_route=%2Fwp%2Fv2%2Fmedia&parent=374781"}],"wp:term":[{"taxonomy":"category","embeddable":true,"href":"https:\/\/analyse.optim.biz\/index.php?rest_route=%2Fwp%2Fv2%2Fcategories&post=374781"},{"taxonomy":"post_tag","embeddable":true,"href":"https:\/\/analyse.optim.biz\/index.php?rest_route=%2Fwp%2Fv2%2Ftags&post=374781"}],"curies":[{"name":"wp","href":"https:\/\/api.w.org\/{rel}","templated":true}]}}