{"id":374779,"date":"2015-11-06T08:22:00","date_gmt":"2015-11-06T05:22:00","guid":{"rendered":"https:\/\/analyse.optim.biz\/?p=374779"},"modified":"2015-11-06T08:22:00","modified_gmt":"2015-11-06T05:22:00","slug":"dosar-mineriada-petre-roman-la-parchetul-general","status":"publish","type":"post","link":"https:\/\/analyse.optim.biz\/?p=374779","title":{"rendered":"Dosar &#8220;MINERIADA&#8221;: Petre Roman, la Parchetul General"},"content":{"rendered":"<div class=\"description\" data-key=\"description\">Fostul premier Petre Roman s-a prezentat vineri la Parchetul General pentru a fi audiat \u00een dosarul &#8220;Mineriada din 13-15 iunie 1990&#8221;<\/div>\n<div class=\"articleBody\" data-key=\"articleBody\">Fostul premier Petre Roman s-a prezentat vineri la Parchetul General pentru a fi audiat \u00een dosarul &#8220;Mineriada din 13-15 iunie 1990&#8221;<br \/>\nProcurorii militari \u00eei vor aduce la cuno\u0219tin\u021b\u0103 c\u0103 este pus sub acuzare pentru infrac\u021biuni contra umanit\u0103\u021bii.<br \/>\nLa sf\u00e2r\u0219itul lunii octombrie, pre\u0219edintele Klaus Iohannis a semnat cererea de urm\u0103rire penal\u0103 a lui Petre Roman, Gelu-Voican Voiculescu \u0219i a lui Victor Atanase St\u0103nculescu, a anun\u021bat Administra\u021bia Preziden\u021bial\u0103, demersul av\u00e2nd leg\u0103tur\u0103 cu anchetarea evenimentelor din 1990. Cei trei au de\u021binut la acel moment func\u021bii de conducere.<br \/>\n\u00cen acest dosar, fostul pre\u0219edinte Ion Iliescu a fost pus sub acuzare pentru infrac\u021biuni contra umanit\u0103\u021bii, const\u00e2nd \u00een aceea c\u0103, \u00een calitate de pre\u0219edinte al Consiliului Provizoriu de Uniune Na\u021bionala (CPUN), a decis reprimarea violent\u0103 a manifesta\u021biei din Pia\u021ba Universit\u0103\u021bii prin declan\u0219area unui atac asupra popula\u021biei civile \u00een iunie 1990, urmat de aducerea minerilor din Valea Jiului \u00een Capital\u0103. <\/p>\n<p>Potrivit ordonan\u021bei \u00eentocmite de Parchetul Militar, ini\u021bial, Ion Iliescu a fost cercetat pentru trei infrac\u021biuni: propagand\u0103 pentru r\u0103zboi, genocid (s\u0103v\u00e2r\u0219it prin: uciderea membrilor colectivit\u0103\u021bii sau grupului, v\u0103t\u0103marea grav\u0103 a integrit\u0103\u021bii fizice sau mintale a colectivit\u0103\u021bii sau grupului, supunerea colectivit\u0103\u021bii sau grupului la condi\u021bii de existen\u021b\u0103 sau tratament de natur\u0103 s\u0103 duc\u0103 la distrugerea fizic\u0103) \u0219i tratamente neomenoase prin dislocare sau lipsirea de libertate f\u0103r\u0103 temei legal.<br \/>\nUlterior, procurorii militari au dispus schimbarea \u00eencadr\u0103rii \u00een infrac\u021biuni contra umanit\u0103\u021bii const\u00e2nd \u00een aceea c\u0103 &#8220;\u00een zilele de 11-12.06.1990, \u00een calitate de pre\u0219edinte al CPUN, \u00eempreun\u0103 cu Roman Petre, M\u0103gureanu Virgil, Voiculescu Gelu-Voican, Dumitru S. Nicolae, general (rez.) Chi\u021bac Mihai, general-maior (rez.) Diamandescu Corneliu, general maior (rez.) Florescu Mugurel \u0219i al\u021bii, a decis reprimarea violent\u0103 a manifesta\u021biei din Pia\u021ba Universit\u0103\u021bii, \u00een baza acestei hot\u0103r\u00e2ri fiind declan\u0219at, \u00een diminea\u021ba zilei de 13.06.1990, un atac asupra unei popula\u021bii civile, la care au participat for\u021bele militare ale Ministerului de Interne, Ministerului Ap\u0103r\u0103rii Na\u021bionale \u0219i Serviciului Rom\u00e2n de Informa\u021bii, atac soldat cu decesul a patru persoane \u0219i r\u0103nirea a altor trei prin \u00eempu\u0219care, precum \u0219i v\u0103t\u0103marea corporal\u0103 \u0219i lipsirea de libertate a aproximativ 270 de persoane&#8221;.<br \/>\nProcurorii mai sus\u021bin c\u0103 Ion Iliescu, Petre Roman, Virgil M\u0103gureanu, Gelu Voican Voiculescu, Nicolae Dumitru, Corneliu Diamandescu, Mihai Chi\u021bac \u0219i Mugurel Florescu au decis, pe data de 13 iunie 1990, organizarea unei deplas\u0103ri la Bucure\u0219ti a unui num\u0103r de peste 10.000 de mineri din Valea Jiului, care au continuat atacurile din Pia\u021ba Universit\u0103\u021bii asupra popula\u021biei civile, provoc\u00e2nd v\u0103t\u0103marea corporal\u0103 \u0219i lipsirea de libertate a aproximativ 1.000 persoane.<br \/>\n\u00cen acela\u0219i dosar mai sunt urm\u0103ri\u021bi penal fostul director al SRI Virgi M\u0103gureanu, general-maior (rez.) Corneliu Diamandescu, gen (rez.) Peter Petre (fost comandant al U.M. 0575 M\u0103gurele), gen (rez.) Vasile Dobrinoiu (fost comandant al U.M. 0828 B\u0103neasa \u2014 \u0218coala Militar\u0103 Superioar\u0103 de Ofi\u021beri a MAI), viceamiral (rez.) Emil &#8220;Cico&#8221; Dumitrescu (fost \u0219ef al Direc\u021biei Generale de Cultur\u0103, Pres\u0103 \u0219i Sport din MAI), general maior (rez.) Mugurel Florescu (fost \u0219ef al Parchetului Militar), Nicolae Dumitru (fost vicepre\u0219edinte al FSN), Cazimir Ionescu (fost vicepre\u0219edinte al CPUN).<br \/>\nDe asemenea, mai mul\u021bi lideri de sindicat \u0219i directori de mine, precum \u0219i al\u021bi oficiali au fost pu\u0219i sub acuzare pentru c\u0103 au organizat deplasarea \u00een Capital\u0103 a minerilor din Valea Jiului: Miron Cozma (fost pre\u0219edinte al Ligii Sindicatelor Miniere Libere &#8220;Valea Jiului&#8221;), Cornel Burlec Pl\u0103ie\u0219 (fost ministru adjunct al Ministerului Minelor) \u2014 i-a preluat pe mineri la sosirea \u00een Gara de Nord; Gheorghe Dobre (fost director Regionala CFR Craiova) \u2014 a asigurat condi\u021bii pentru ca trenurile cu mineri s\u0103 aib\u0103 drum liber p\u00e2n\u0103 \u00een Capital\u0103; cpt. (rez) Nicolae C\u0103m\u0103r\u0103\u0219escu (fost inginer la Exploatarea Minier\u0103 Aninoasa), \u0218tefan Bacs (fost lider de sindicat la Mina Lonea), Nicolae Ciocan (fost lider de sindicat la Exploatarea Minier\u0103 Deva), Nicolae Stanca (fost director Exploatarea Minier\u0103 Deva), Viorel Temelescu (fost lider de sindicat la Exploatarea Minier\u0103 Motru), Nicolae Micl\u0103u\u0219 (fost lider de sindicat la Exploatarea Minier\u0103 \u021aebea), Petre Doroftei (fost director E.M. \u021aebea), Petru Brai\u021b (fost lider sindical la E.M. Petrila), Matei Drella (fost lider sindical la Mina B\u0103rb\u0103teni), Gheorghe Marchi\u0219 (fost director la E.M. Petro\u0219ani), Ioan Constantin Ilinescu (fost inginer E.M. Aninoasa), Gheorghe Solt\u0103nel (fost director E.M. Com\u0103ne\u0219ti), col (rez.) Dumitru Bondoc (militar activ la Sec\u021bia de Informa\u021bii Gorj-Biroul Motru).<br \/>\nSursa: Agerpres.ro<\/p><\/div>\n<p> Source URL: https:\/\/observatornews.ro\/politic\/dosar-mineriada-petre-roman-la-parchetul-general-165793.html<\/p>\n","protected":false},"excerpt":{"rendered":"<p>Fostul premier Petre Roman s-a prezentat vineri la Parchetul General pentru a fi audiat \u00een dosarul &#8220;Mineriada din 13-15 iunie 1990&#8221; Fostul premier Petre Roman s-a prezentat vineri la Parchetul General pentru a fi audiat \u00een dosarul &#8220;Mineriada din 13-15 iunie 1990&#8221; Procurorii militari \u00eei vor aduce la cuno\u0219tin\u021b\u0103 c\u0103 este pus sub acuzare pentru [&hellip;]<\/p>\n","protected":false},"author":1,"featured_media":374780,"comment_status":"open","ping_status":"","sticky":false,"template":"","format":"standard","meta":{"footnotes":""},"categories":[2],"tags":[30],"class_list":["post-374779","post","type-post","status-publish","format-standard","has-post-thumbnail","hentry","category-politics","tag-observatornews-ro"],"_links":{"self":[{"href":"https:\/\/analyse.optim.biz\/index.php?rest_route=\/wp\/v2\/posts\/374779","targetHints":{"allow":["GET"]}}],"collection":[{"href":"https:\/\/analyse.optim.biz\/index.php?rest_route=\/wp\/v2\/posts"}],"about":[{"href":"https:\/\/analyse.optim.biz\/index.php?rest_route=\/wp\/v2\/types\/post"}],"author":[{"embeddable":true,"href":"https:\/\/analyse.optim.biz\/index.php?rest_route=\/wp\/v2\/users\/1"}],"replies":[{"embeddable":true,"href":"https:\/\/analyse.optim.biz\/index.php?rest_route=%2Fwp%2Fv2%2Fcomments&post=374779"}],"version-history":[{"count":0,"href":"https:\/\/analyse.optim.biz\/index.php?rest_route=\/wp\/v2\/posts\/374779\/revisions"}],"wp:featuredmedia":[{"embeddable":true,"href":"https:\/\/analyse.optim.biz\/index.php?rest_route=\/wp\/v2\/media\/374780"}],"wp:attachment":[{"href":"https:\/\/analyse.optim.biz\/index.php?rest_route=%2Fwp%2Fv2%2Fmedia&parent=374779"}],"wp:term":[{"taxonomy":"category","embeddable":true,"href":"https:\/\/analyse.optim.biz\/index.php?rest_route=%2Fwp%2Fv2%2Fcategories&post=374779"},{"taxonomy":"post_tag","embeddable":true,"href":"https:\/\/analyse.optim.biz\/index.php?rest_route=%2Fwp%2Fv2%2Ftags&post=374779"}],"curies":[{"name":"wp","href":"https:\/\/api.w.org\/{rel}","templated":true}]}}