{"id":374553,"date":"2015-11-10T15:07:00","date_gmt":"2015-11-10T12:07:00","guid":{"rendered":"https:\/\/analyse.optim.biz\/?p=374553"},"modified":"2015-11-10T15:07:00","modified_gmt":"2015-11-10T12:07:00","slug":"cine-este-dacian-ciolos-povestea-prim-ministrului-tehnocrat-desemnat-de-klaus-iohannis","status":"publish","type":"post","link":"https:\/\/analyse.optim.biz\/?p=374553","title":{"rendered":"Cine este DACIAN CIOLO\u0218? Povestea prim-ministrului tehnocrat desemnat de Klaus Iohannis"},"content":{"rendered":"<div class=\"description\" data-key=\"description\">El este Dacian Ciolo\u0219, inginerul agronom.<\/div>\n<div class=\"articleBody\" data-key=\"articleBody\">Dacian Ciolo\u0219 s-a n\u0103scut la data de 27 iulie 1969, \u00een ora\u0219ul Zal\u0103u.<br \/>\nDup\u0103 absolvirea \u00een 1987 a studiilor medii la Liceul agroindustrial din \u0218imleul Silvaniei, specializarea Horticultur\u0103 \u0219i Viticultur\u0103, a urmat cursurile Facult\u0103\u021bii de Horticultur\u0103 din cadrul Universit\u0103\u021bii de \u0218tiin\u021be Agricole \u0219i Medicin\u0103 Veterinar\u0103 din Cluj (1989-1994), ob\u021bin\u00e2nd diploma de inginer horticultor.<br \/>\nA urmat apoi studii de agronomie aprofundat\u0103, specializarea &#8220;Sisteme de produc\u021bie \u0219i Dezvoltare rural\u0103&#8221; la \u00c9cole Nationale Sup\u00e9rieure Agronomique (ENSAR) din Rennes, Fran\u021ba, beneficiind de o burs\u0103 guvernamental\u0103 francez\u0103 (1995-1996) \u0219i un master \u0219tiin\u021bific (DEA) \u00een &#8220;Economia dezvolt\u0103rii agricole, agro-alimentare \u0219i rurale&#8221; la \u00c9cole Nationale Sup\u00e9rieure Agronomique (ENSAM) \u0219i Universit\u00e9 Montpellier I (1996-1997). \u00cencep\u00e2nd din anul 2000, este doctorand \u00een economia dezvolt\u0103rii agricole, agroalimentare \u0219i rurale la Institutul Na\u021bional de Cercet\u0103ri Agronomice (INRA) din cadrul \u00c9cole Nationale Sup\u00e9rieure Agronomique Montpellier (ENSAM).<br \/>\n\u00cen perioada studen\u021biei, a fost reprezentant al studen\u021bilor \u00een Senatul Universit\u0103\u021bii de \u0218tiin\u021be Agricole \u0219i Medicin\u0103 Veterinar\u0103 \u0219i \u00een Consiliul de Administra\u021bie al Facult\u0103\u021bii de Horticultur\u0103 din Cluj Napoca (1990-1995), coordonator al Programului de stagii pentru studen\u021bii USAMV Cluj Napoca \u00een ferme agricole din Fran\u021ba (1992-1995) \u0219i ini\u021biator \u0219i membru fondator al asocia\u021biei profesionale AGROECOLOGIA (1995). \u00cen anul 2000, a devenit membru al Grupului din Bruges, grup european independent de analize \u0219i propuneri privind Politica Agricol\u0103 Comun\u0103 \u0219i Uniunea European\u0103.<br \/>\nA urmat stagii practice totaliz\u00e2nd 13 luni \u00een ferme de agricultur\u0103 ecologic\u0103 sub egida Federa\u021biei Regionale a Agricultorilor Ecologici din Bretagne &#8211; Fran\u021ba (1991-1996), studiind administrarea fermelor agricole familiale, principiile agriculturii durabile, organizarea interprofesional\u0103 a agriculturii ecologice \u00een Fran\u021ba. A activat la Centrul Interna\u021bional de Cooperare pentru Dezvoltare Agricol\u0103 &#8211; CICDA Paris &#8211; Montreuil, Fran\u021ba (august &#8211; septembrie 1995) ocup\u00e2ndu-se de preg\u0103tirea unui proiect de cooperare descentralizat\u0103 Savoia \u2013 Arges pentru dezvoltare rural\u0103, proiect de a carui implementare s-a si ocupat timp de doi ani. A activat in calitate de inginer stagiar la Camera Jude\u021bean\u0103 de Agricultur\u0103 Aveyron &#8211; Fran\u021ba (februarie &#8211; septembrie 1997), ocup\u00e2ndu-se cu elaborarea lucr\u0103rii de diplom\u0103 DAA &#8220;Analiza \u0219i evaluarea experien\u021bei de dezvoltare agricol\u0103 \u0219i rural\u0103 \u00een Nord Aveyron&#8221;.<br \/>\nDup\u0103 absolvirea masteratului, lucreaz\u0103 ca agroeconomist stagiar la Comisia European\u0103 de la Bruxelles, \u00een cadrul Diviziei de Dezvoltare rural\u0103 a Direc\u021biei Generale de Agricultur\u0103 (martie \u2013 iulie 1997, aprilie 1999), ocup\u00e2ndu-se cu preg\u0103tirea ProgramuluiSAPARD \u2013 elaborarea cadrului de reglementare \u0219i a dispozitivului administrativ de implementare \u00een statele eligibile.<br \/>\nPentru o perioad\u0103 (martie 1998 &#8211; octombrie 1999) este directorul Programului de dezvoltare rural\u0103 local\u0103 \u00een Arge\u0219, \u00een cadrul cooper\u0103rii descentralizare dintre Consiliul General Savoia (FR) \u0219i Consiliul Jude\u021bean Arge\u0219 &#8211; CICDA. Lucreaz\u0103 apoi coordonator al programelor de cooperare franco-rom\u00e2ne \u00een dezvoltare agricol\u0103 \u0219i rural\u0103 la Centrul Interna\u021bional de Cooperare pentru Dezvoltare Agricol\u0103 &#8211; CICDA in cooperare cu Asocia\u021bia Na\u021bionala de Dezvoltare Agricol\u0103 \u2013 ANDA, Fran\u021ba (noiembrie 1999 \u2013 decembrie 2001).<br \/>\n\u00centre anii 2002\u20132003, lucreaz\u0103 la Comisia European\u0103, Delega\u021bia CE \u00een Rom\u00e2nia, ca Manager cu \u021aint\u0103 Agricultur\u0103 \u0219i Dezvoltare Rural\u0103, SAPARD[2]. \u00cencep\u00e2nd din ianuarie 2005, activeaz\u0103 \u00een cadrul Ministerului Agriculturii, P\u0103durilor \u0219i Dezvolt\u0103rii Rurale, mai \u00eent\u00e2i pe postul de consilier al Ministrului, reprezentant \u00een Comitetul Special Agricol la Consiliul European (ianuarie 2005 &#8211; mai 2007), apoi subsecretar de stat pentru Afaceri Europene (mai &#8211; octombrie 2007) pentru ca in final sa ocupe funtia de Ministru al Agriculturii \u0219i Dezvolt\u0103rii Rurale in perioada 11 octombrie 2007 &#8211; 22 decembrie 2008 in cabinetul condus de Premierul Emil Boc. Nu face parte din nici un partid politic.<br \/>\nPre\u0219edintele Comisiei Europene, Manuel Barroso, a anun\u021bat la 27\/11\/2009 lista comisarilor europeni : Dacian Ciolos a fost desemnat comisar pentru Agricultur\u0103 \u0219i Dezvoltare rural\u0103. &#8220;Este cel mai competent candidat pe care l-am avut pentru Agricultur\u0103&#8221;, spune Barroso.<br \/>\n\u00cen data de 9 februarie 2010, Parlamentul European acord\u0103 votul de \u00eenvestitur\u0103 Comsiei Europene condus\u0103 de Jose Manuel Baroso \u0219i automat \u0219i lui Dacian Ciolo\u0219.<br \/>\nDacian Ciolo\u0219 este c\u0103s\u0103torit \u0219i vorbe\u0219te limbile francez\u0103 \u0219i englez\u0103.<\/div>\n<p> Source URL: https:\/\/observatornews.ro\/politic\/cine-este-daniel-cilo-povestea-primministrului-desemnat-de-klaus-iohannis-166173.html<\/p>\n","protected":false},"excerpt":{"rendered":"<p>El este Dacian Ciolo\u0219, inginerul agronom. Dacian Ciolo\u0219 s-a n\u0103scut la data de 27 iulie 1969, \u00een ora\u0219ul Zal\u0103u. Dup\u0103 absolvirea \u00een 1987 a studiilor medii la Liceul agroindustrial din \u0218imleul Silvaniei, specializarea Horticultur\u0103 \u0219i Viticultur\u0103, a urmat cursurile Facult\u0103\u021bii de Horticultur\u0103 din cadrul Universit\u0103\u021bii de \u0218tiin\u021be Agricole \u0219i Medicin\u0103 Veterinar\u0103 din Cluj (1989-1994), ob\u021bin\u00e2nd [&hellip;]<\/p>\n","protected":false},"author":1,"featured_media":0,"comment_status":"open","ping_status":"","sticky":false,"template":"","format":"standard","meta":{"footnotes":""},"categories":[2],"tags":[30],"class_list":["post-374553","post","type-post","status-publish","format-standard","hentry","category-politics","tag-observatornews-ro"],"_links":{"self":[{"href":"https:\/\/analyse.optim.biz\/index.php?rest_route=\/wp\/v2\/posts\/374553","targetHints":{"allow":["GET"]}}],"collection":[{"href":"https:\/\/analyse.optim.biz\/index.php?rest_route=\/wp\/v2\/posts"}],"about":[{"href":"https:\/\/analyse.optim.biz\/index.php?rest_route=\/wp\/v2\/types\/post"}],"author":[{"embeddable":true,"href":"https:\/\/analyse.optim.biz\/index.php?rest_route=\/wp\/v2\/users\/1"}],"replies":[{"embeddable":true,"href":"https:\/\/analyse.optim.biz\/index.php?rest_route=%2Fwp%2Fv2%2Fcomments&post=374553"}],"version-history":[{"count":0,"href":"https:\/\/analyse.optim.biz\/index.php?rest_route=\/wp\/v2\/posts\/374553\/revisions"}],"wp:attachment":[{"href":"https:\/\/analyse.optim.biz\/index.php?rest_route=%2Fwp%2Fv2%2Fmedia&parent=374553"}],"wp:term":[{"taxonomy":"category","embeddable":true,"href":"https:\/\/analyse.optim.biz\/index.php?rest_route=%2Fwp%2Fv2%2Fcategories&post=374553"},{"taxonomy":"post_tag","embeddable":true,"href":"https:\/\/analyse.optim.biz\/index.php?rest_route=%2Fwp%2Fv2%2Ftags&post=374553"}],"curies":[{"name":"wp","href":"https:\/\/api.w.org\/{rel}","templated":true}]}}