{"id":374552,"date":"2015-11-10T15:24:00","date_gmt":"2015-11-10T12:24:00","guid":{"rendered":"https:\/\/analyse.optim.biz\/?p=374552"},"modified":"2015-11-10T15:24:00","modified_gmt":"2015-11-10T12:24:00","slug":"declaratii-ciolos-voi-face-tot-ce-imi-sta-in-putinta-pentru-a-ma-ridica-la-inaltimea-increderii-acordate","status":"publish","type":"post","link":"https:\/\/analyse.optim.biz\/?p=374552","title":{"rendered":"DECLARA\u021aII! Ciolo\u015f: &#8220;Voi face tot ce \u00eemi st\u0103 \u00een putin\u021b\u0103 pentru a m\u0103 ridica la \u00een\u0103l\u021bimea \u00eencrederii acordate&#8221;"},"content":{"rendered":"<div class=\"description\" data-key=\"description\">Premierul desemnat Dacian Ciolo\u0219 a dat asigur\u0103ri, mar\u021bi, c\u0103 va face tot ce \u00eei st\u0103 \u00een putin\u021b\u0103 pentru a se ridica la \u00een\u0103l\u021bimea \u00eencrederii acordate, el spun\u00e2nd c\u0103 inten\u021bioneaz\u0103 s\u0103 deschid\u0103 Guvernul spre societate.<\/div>\n<div class=\"articleBody\" data-key=\"articleBody\">Premierul desemnat Dacian Ciolo\u0219 a dat asigur\u0103ri, mar\u021bi, c\u0103 va face tot ce \u00eei st\u0103 \u00een putin\u021b\u0103 pentru a se ridica la \u00een\u0103l\u021bimea \u00eencrederii acordate, el spun\u00e2nd c\u0103 inten\u021bioneaz\u0103 s\u0103 deschid\u0103 Guvernul spre societate.<br \/>\n&#8220;V\u0103 mul\u021bumesc pentru \u00eencrederea pe care mi-o acorda\u021bi \u0219i doresc s\u0103 \u00eei asigur pe cei care ne privesc de faptul c\u0103 voi face tot ce \u00eemi st\u0103 \u00een putin\u021b\u0103 de a m\u0103 ridica la \u00een\u0103l\u021bimea \u00eencrederii care mi-a fost acordat\u0103. Trecem printr-o perioad\u0103 cheie pentru societatea rom\u00e2neasc\u0103, perioad\u0103 \u00een care societatea a ajuns la un grad de maturitate care necesit\u0103 o prezen\u021b\u0103 public\u0103 a Guvernului \u00een a\u0219a fel \u00eenc\u00e2t s\u0103 asigure puntea de leg\u0103tur\u0103 \u00eentre diferite institu\u021bii ale statului&#8221;, a afirmat Ciolo\u0219, la Palatul Cotroceni, dup\u0103 anun\u021bul pre\u0219edintelui Iohannis privind desemnarea sa \u00een aceast\u0103 func\u021bie.<br \/>\nPremierul desemnat a spus c\u0103 inten\u021bioneaz\u0103 s\u0103 deschid\u0103 Guvernul \u0219i administra\u021bia guvernamental\u0103 spre societate \u0219i s\u0103 lucreze \u00eendeaproape cu Parlamentul.<br \/>\n&#8220;Am inten\u021bia s\u0103 deschid Guvernul \u0219i administra\u021bia guvernamental\u0103 spre societate, s\u0103 ascult\u0103m \u0219i s\u0103 preg\u0103tim decizii \u00eempreun\u0103. Totodat\u0103, \u00een m\u0103sura \u00een care Parlamentul va decide s\u0103 dea mandat acestui Guvern, voi lucra \u00eendeaproape cu Parlamentul, cu grupurile politice, chiar dac\u0103 vorbim de un guvern de tehnocra\u021bi, pentru a progresa \u00eempreun\u0103 pe proiectele pe care o s\u0103 le propunem&#8221;, a sus\u021binut Ciolo\u0219.<br \/>\nEl a anun\u021bat c\u0103, \u00een perioada urm\u0103toare, \u00ee\u0219i va concentra aten\u021bia \u0219i energia pentru a-\u0219i forma echipa cu care va merge \u00een fa\u021ba Parlamentului \u0219i apoi va discuta \u00een detaliu despre proiectele pe care le are.<br \/>\n&#8220;Pentru mine, lucrul \u00een echip\u0103 este esen\u021bial \u0219i de aceea, \u00eenainte de a comunica prea mult legat de inten\u021biile pe care le am \u00een aceast\u0103 calitate \u00een care am fost desemnat, vreau s\u0103 \u00eemi concentrez energia spre a-mi structura echipa, at\u00e2t din punct de vedere al persoanelor \u0219i al celor pe care o s\u0103 \u00eei invit s\u0103 fac\u0103 parte din guvern, c\u00e2t \u0219i al conceptului de program de guvernare&#8221;, a spus Ciolo\u0219.<br \/>\nPrim-ministrul desemnat a ad\u0103ugat c\u0103 este con\u0219tient de faptul c\u0103 se a\u0219teapt\u0103 de la viitorul guvern s\u0103 fie \u00een m\u0103sur\u0103 s\u0103 aib\u0103 urechea &#8220;aplecat\u0103&#8221; la cei care au idei.<br \/>\n&#8220;Sunt con\u0219tient de faptul c\u0103 acest lucru se a\u0219teapt\u0103 de la viitorul guvern \u2014 s\u0103 fie \u00een m\u0103sur\u0103 s\u0103 aib\u0103 urechea aplecat\u0103 la cei care au idei, nu doar pentru a ridica problemele cu care ne confrunt\u0103m, dar \u0219i pentru a identifica solu\u021biile pentru a merge mai departe \u0219i \u00een acela\u0219i timp s\u0103 aib\u0103 acest Guvern \u00een\u021belepciunea \u0219i maturitatea s\u0103 poat\u0103 s\u0103 lucreze cu Parlamentul, cu cei care sunt \u00een m\u0103sur\u0103 s\u0103 ia deciziile care s\u0103 ne permit\u0103 s\u0103 progres\u0103m. Cred c\u0103 acest mod de lucru ne va dovedi maturitate \u0219i ne va permite s\u0103 schimb\u0103m ceea ce este de schimbat \u00een societate&#8221;, a punctat Ciolo\u0219.<\/p>\n<p>Sursa: agerpres.ro<\/p>\n<\/div>\n<p> Source URL: https:\/\/observatornews.ro\/politic\/declaraii-ciolos-am-intentia-sa-deschid-guvernul-spre-societate-166174.html<\/p>\n","protected":false},"excerpt":{"rendered":"<p>Premierul desemnat Dacian Ciolo\u0219 a dat asigur\u0103ri, mar\u021bi, c\u0103 va face tot ce \u00eei st\u0103 \u00een putin\u021b\u0103 pentru a se ridica la \u00een\u0103l\u021bimea \u00eencrederii acordate, el spun\u00e2nd c\u0103 inten\u021bioneaz\u0103 s\u0103 deschid\u0103 Guvernul spre societate. Premierul desemnat Dacian Ciolo\u0219 a dat asigur\u0103ri, mar\u021bi, c\u0103 va face tot ce \u00eei st\u0103 \u00een putin\u021b\u0103 pentru a se ridica [&hellip;]<\/p>\n","protected":false},"author":1,"featured_media":0,"comment_status":"open","ping_status":"","sticky":false,"template":"","format":"standard","meta":{"footnotes":""},"categories":[2],"tags":[30],"class_list":["post-374552","post","type-post","status-publish","format-standard","hentry","category-politics","tag-observatornews-ro"],"_links":{"self":[{"href":"https:\/\/analyse.optim.biz\/index.php?rest_route=\/wp\/v2\/posts\/374552","targetHints":{"allow":["GET"]}}],"collection":[{"href":"https:\/\/analyse.optim.biz\/index.php?rest_route=\/wp\/v2\/posts"}],"about":[{"href":"https:\/\/analyse.optim.biz\/index.php?rest_route=\/wp\/v2\/types\/post"}],"author":[{"embeddable":true,"href":"https:\/\/analyse.optim.biz\/index.php?rest_route=\/wp\/v2\/users\/1"}],"replies":[{"embeddable":true,"href":"https:\/\/analyse.optim.biz\/index.php?rest_route=%2Fwp%2Fv2%2Fcomments&post=374552"}],"version-history":[{"count":0,"href":"https:\/\/analyse.optim.biz\/index.php?rest_route=\/wp\/v2\/posts\/374552\/revisions"}],"wp:attachment":[{"href":"https:\/\/analyse.optim.biz\/index.php?rest_route=%2Fwp%2Fv2%2Fmedia&parent=374552"}],"wp:term":[{"taxonomy":"category","embeddable":true,"href":"https:\/\/analyse.optim.biz\/index.php?rest_route=%2Fwp%2Fv2%2Fcategories&post=374552"},{"taxonomy":"post_tag","embeddable":true,"href":"https:\/\/analyse.optim.biz\/index.php?rest_route=%2Fwp%2Fv2%2Ftags&post=374552"}],"curies":[{"name":"wp","href":"https:\/\/api.w.org\/{rel}","templated":true}]}}