{"id":374440,"date":"2015-11-11T14:19:00","date_gmt":"2015-11-11T11:19:00","guid":{"rendered":"https:\/\/analyse.optim.biz\/?p=374440"},"modified":"2015-11-11T14:19:00","modified_gmt":"2015-11-11T11:19:00","slug":"discutia-lui-ciolos-cu-reprezentantii-unpr-s-a-incheiat","status":"publish","type":"post","link":"https:\/\/analyse.optim.biz\/?p=374440","title":{"rendered":"Discu\u021bia lui Ciolo\u0219 cu reprezentan\u021bii UNPR s-a \u00eencheiat"},"content":{"rendered":"<div class=\"description\" data-key=\"description\">Premierul desemnat Dacian Ciolo\u0219 a plecat de la sediul UNPR dup\u0103 aproximativ o jum\u0103tate de or\u0103 de discu\u021bii cu liderii progresi\u0219tilor privind formarea noului guvern.<\/div>\n<div class=\"articleBody\" data-key=\"articleBody\">\u00a0Premierul desemnat Dacian Ciolo\u0219 a plecat de la sediul UNPR dup\u0103 aproximativ o jum\u0103tate de or\u0103 de discu\u021bii cu liderii progresi\u0219tilor privind formarea noului guvern.<br \/>\nDacian Ciolo\u0219 a precizat la finalul \u00eent\u00e2lnirii c\u0103 nu va face declara\u021bii presei p\u00e2n\u0103 c\u00e2nd nu \u00ee\u0219i va forma noua echip\u0103 guvernamental\u0103 \u0219i programul de guvernare.<br \/>\nCiolo\u0219 mai are prev\u0103zute miercuri \u00eent\u00e2lniri cu reprezentan\u021bii ALDE, UDMR \u0219i PSD.<br \/>\nSursa: agerpres.ro<\/div>\n<p> Source URL: https:\/\/observatornews.ro\/politic\/discuia-lui-ciolo-cu-reprezentanii-unpr-sa-incheiat-166270.html<\/p>\n","protected":false},"excerpt":{"rendered":"<p>Premierul desemnat Dacian Ciolo\u0219 a plecat de la sediul UNPR dup\u0103 aproximativ o jum\u0103tate de or\u0103 de discu\u021bii cu liderii progresi\u0219tilor privind formarea noului guvern. \u00a0Premierul desemnat Dacian Ciolo\u0219 a plecat de la sediul UNPR dup\u0103 aproximativ o jum\u0103tate de or\u0103 de discu\u021bii cu liderii progresi\u0219tilor privind formarea noului guvern. Dacian Ciolo\u0219 a precizat la [&hellip;]<\/p>\n","protected":false},"author":1,"featured_media":0,"comment_status":"open","ping_status":"","sticky":false,"template":"","format":"standard","meta":{"footnotes":""},"categories":[2],"tags":[30],"class_list":["post-374440","post","type-post","status-publish","format-standard","hentry","category-politics","tag-observatornews-ro"],"_links":{"self":[{"href":"https:\/\/analyse.optim.biz\/index.php?rest_route=\/wp\/v2\/posts\/374440","targetHints":{"allow":["GET"]}}],"collection":[{"href":"https:\/\/analyse.optim.biz\/index.php?rest_route=\/wp\/v2\/posts"}],"about":[{"href":"https:\/\/analyse.optim.biz\/index.php?rest_route=\/wp\/v2\/types\/post"}],"author":[{"embeddable":true,"href":"https:\/\/analyse.optim.biz\/index.php?rest_route=\/wp\/v2\/users\/1"}],"replies":[{"embeddable":true,"href":"https:\/\/analyse.optim.biz\/index.php?rest_route=%2Fwp%2Fv2%2Fcomments&post=374440"}],"version-history":[{"count":0,"href":"https:\/\/analyse.optim.biz\/index.php?rest_route=\/wp\/v2\/posts\/374440\/revisions"}],"wp:attachment":[{"href":"https:\/\/analyse.optim.biz\/index.php?rest_route=%2Fwp%2Fv2%2Fmedia&parent=374440"}],"wp:term":[{"taxonomy":"category","embeddable":true,"href":"https:\/\/analyse.optim.biz\/index.php?rest_route=%2Fwp%2Fv2%2Fcategories&post=374440"},{"taxonomy":"post_tag","embeddable":true,"href":"https:\/\/analyse.optim.biz\/index.php?rest_route=%2Fwp%2Fv2%2Ftags&post=374440"}],"curies":[{"name":"wp","href":"https:\/\/api.w.org\/{rel}","templated":true}]}}