{"id":374268,"date":"2015-11-14T08:37:00","date_gmt":"2015-11-14T05:37:00","guid":{"rendered":"https:\/\/analyse.optim.biz\/?p=374268"},"modified":"2015-11-14T08:37:00","modified_gmt":"2015-11-14T05:37:00","slug":"dragnea-orice-acte-de-terorism-trebuie-condamnate-ferm","status":"publish","type":"post","link":"https:\/\/analyse.optim.biz\/?p=374268","title":{"rendered":"Dragnea: &#8220;Orice acte de terorism trebuie condamnate ferm&#8221;"},"content":{"rendered":"<div class=\"description\" data-key=\"description\">Pre\u0219edintele PSD, Liviu Dragnea, \u0219i-a exprimat s\u00e2mb\u0103t\u0103 &#8220;\u00eentreaga compasiune \u0219i solidaritatea&#8221; fa\u021b\u0103 de poporul francez, afirm\u00e2nd c\u0103 &#8220;orice acte de terorism trebuie condamnate ferm&#8221;.<\/div>\n<div class=\"articleBody\" data-key=\"articleBody\">\u00a0Pre\u0219edintele PSD, Liviu Dragnea, \u0219i-a exprimat s\u00e2mb\u0103t\u0103 &#8220;\u00eentreaga compasiune \u0219i solidaritatea&#8221; fa\u021b\u0103 de poporul francez, afirm\u00e2nd c\u0103 &#8220;orice acte de terorism trebuie condamnate ferm&#8221;.<br \/>\n&#8221;Am aflat cu profund\u0103 triste\u021be despre atentatele teroriste de noapte trecut\u0103, din capitala Fran\u021bei, \u00een urma c\u0103rora zeci de cet\u0103\u021beni francezi au fost uci\u0219i \u0219i alte sute au fost r\u0103ni\u021bi. Este tragic c\u0103 oameni nevinova\u021bi, lipsi\u021bi de ap\u0103rare, au fost uci\u0219i \u00eentr-un mod la\u0219, \u00eentr-o ac\u021biune lipsit\u0103 de sens. Vreau s\u0103 \u00eemi exprim \u00eentreaga compasiune \u0219i solidaritatea fa\u021b\u0103 de poporul francez. Cred cu t\u0103rie c\u0103 orice acte de terorism trebuie condamnate ferm, iar \u00een aceste momente g\u00e2ndurile noastre merg c\u0103tre familiile victimelor. Poporul francez a fost greu \u00eencercat \u00een aceast\u0103 perioad\u0103, dar democra\u021bia \u0219i idealurile comune trebuie s\u0103-\u0219i continue calea, indiferent de obstacole&#8221;, a scris Dragnea, pe Facebook.<br \/>\nSursa: agerpres.ro<\/div>\n<p> Source URL: https:\/\/observatornews.ro\/politic\/dragnea-orice-acte-de-terorism-trebuie-condamnate-ferm-poporul-francez-a-fost-greu-incercat-166525.html<\/p>\n","protected":false},"excerpt":{"rendered":"<p>Pre\u0219edintele PSD, Liviu Dragnea, \u0219i-a exprimat s\u00e2mb\u0103t\u0103 &#8220;\u00eentreaga compasiune \u0219i solidaritatea&#8221; fa\u021b\u0103 de poporul francez, afirm\u00e2nd c\u0103 &#8220;orice acte de terorism trebuie condamnate ferm&#8221;. \u00a0Pre\u0219edintele PSD, Liviu Dragnea, \u0219i-a exprimat s\u00e2mb\u0103t\u0103 &#8220;\u00eentreaga compasiune \u0219i solidaritatea&#8221; fa\u021b\u0103 de poporul francez, afirm\u00e2nd c\u0103 &#8220;orice acte de terorism trebuie condamnate ferm&#8221;. &#8221;Am aflat cu profund\u0103 triste\u021be despre atentatele [&hellip;]<\/p>\n","protected":false},"author":1,"featured_media":374269,"comment_status":"open","ping_status":"","sticky":false,"template":"","format":"standard","meta":{"footnotes":""},"categories":[2],"tags":[30],"class_list":["post-374268","post","type-post","status-publish","format-standard","has-post-thumbnail","hentry","category-politics","tag-observatornews-ro"],"_links":{"self":[{"href":"https:\/\/analyse.optim.biz\/index.php?rest_route=\/wp\/v2\/posts\/374268","targetHints":{"allow":["GET"]}}],"collection":[{"href":"https:\/\/analyse.optim.biz\/index.php?rest_route=\/wp\/v2\/posts"}],"about":[{"href":"https:\/\/analyse.optim.biz\/index.php?rest_route=\/wp\/v2\/types\/post"}],"author":[{"embeddable":true,"href":"https:\/\/analyse.optim.biz\/index.php?rest_route=\/wp\/v2\/users\/1"}],"replies":[{"embeddable":true,"href":"https:\/\/analyse.optim.biz\/index.php?rest_route=%2Fwp%2Fv2%2Fcomments&post=374268"}],"version-history":[{"count":0,"href":"https:\/\/analyse.optim.biz\/index.php?rest_route=\/wp\/v2\/posts\/374268\/revisions"}],"wp:featuredmedia":[{"embeddable":true,"href":"https:\/\/analyse.optim.biz\/index.php?rest_route=\/wp\/v2\/media\/374269"}],"wp:attachment":[{"href":"https:\/\/analyse.optim.biz\/index.php?rest_route=%2Fwp%2Fv2%2Fmedia&parent=374268"}],"wp:term":[{"taxonomy":"category","embeddable":true,"href":"https:\/\/analyse.optim.biz\/index.php?rest_route=%2Fwp%2Fv2%2Fcategories&post=374268"},{"taxonomy":"post_tag","embeddable":true,"href":"https:\/\/analyse.optim.biz\/index.php?rest_route=%2Fwp%2Fv2%2Ftags&post=374268"}],"curies":[{"name":"wp","href":"https:\/\/api.w.org\/{rel}","templated":true}]}}