{"id":374264,"date":"2015-11-14T09:32:00","date_gmt":"2015-11-14T06:32:00","guid":{"rendered":"https:\/\/analyse.optim.biz\/?p=374264"},"modified":"2015-11-14T09:32:00","modified_gmt":"2015-11-14T06:32:00","slug":"tariceanu-barbaria-nu-poate-fi-justificata-iar-aceste-crime-nu-pot-fi-prescrise","status":"publish","type":"post","link":"https:\/\/analyse.optim.biz\/?p=374264","title":{"rendered":"T\u0103riceanu: &#8220;Barbaria nu poate fi justificat\u0103, iar aceste crime nu pot fi prescrise&#8221;"},"content":{"rendered":"<div class=\"description\" data-key=\"description\">Atentatele teroriste din Fran\u021ba au revoltat \u00eentreaga lume civilizat\u0103, rela\u021biile istorice privilegiate de prietenie dintre Rom\u00e2nia \u0219i Fran\u021ba fiind un motiv \u00een plus de solidaritate \u0219i compasiune pentru to\u021bi rom\u00e2nii, afirm\u0103 pre\u0219edintele Senatului, C\u0103lin Popescu-T\u0103riceanu, \u00eentr-un mesaj de condolean\u021be postat s\u00e2mb\u0103t\u0103 pe site-ul institu\u021biei.<\/div>\n<div class=\"articleBody\" data-key=\"articleBody\">\u00a0Atentatele teroriste din Fran\u021ba au revoltat \u00eentreaga lume civilizat\u0103, rela\u021biile istorice privilegiate de prietenie dintre Rom\u00e2nia \u0219i Fran\u021ba fiind un motiv \u00een plus de solidaritate \u0219i compasiune pentru to\u021bi rom\u00e2nii, afirm\u0103 pre\u0219edintele Senatului, C\u0103lin Popescu-T\u0103riceanu, \u00eentr-un mesaj de condolean\u021be postat s\u00e2mb\u0103t\u0103 pe site-ul institu\u021biei.<br \/>\n&#8220;Atentatele teroriste din Fran\u021ba, soldate cu moartea a peste 120 de oameni nevinova\u021bi \u0219i r\u0103nirea altor sute, au revoltat \u00eentreaga lume civilizat\u0103. Barbaria nu poate fi justificat\u0103, iar aceste crime nu pot fi prescrise. Sunt crime \u00eempotriva umanit\u0103\u021bii \u0219i nicio religie, niciun popor din lume nu le accept\u0103. Senatul Rom\u00e2niei, \u00een numele c\u0103ruia am dat publicit\u0103\u021bii acest comunicat, transmite condolean\u021be familiilor celor disp\u0103ru\u021bi \u0219i \u00eei asigur\u0103 de toat\u0103 compasiunea pe to\u021bi cei care au de suferit \u00een urma atacurilor criminale&#8221;, se arat\u0103 \u00een mesajul citat.<br \/>\nT\u0103riceanu subliniaz\u0103 c\u0103 Senatul \u00eempreun\u0103 cu toate celelalte institu\u021bii de baz\u0103 ale statului rom\u00e2n vor continua &#8220;s\u0103 sus\u021bin\u0103 concret \u00een solidar cu alia\u021bii s\u0103i lupta \u00eempotriva terorismului, indiferent de unde ar veni \u0219i oriunde s-ar manifesta&#8221;.<br \/>\nSursa: agerpres.ro<\/div>\n<p> Source URL: https:\/\/observatornews.ro\/politic\/tariceanu-barbaria-nu-poate-fi-justificata-iar-aceste-crime-nu-pot-fi-prescrise-166533.html<\/p>\n","protected":false},"excerpt":{"rendered":"<p>Atentatele teroriste din Fran\u021ba au revoltat \u00eentreaga lume civilizat\u0103, rela\u021biile istorice privilegiate de prietenie dintre Rom\u00e2nia \u0219i Fran\u021ba fiind un motiv \u00een plus de solidaritate \u0219i compasiune pentru to\u021bi rom\u00e2nii, afirm\u0103 pre\u0219edintele Senatului, C\u0103lin Popescu-T\u0103riceanu, \u00eentr-un mesaj de condolean\u021be postat s\u00e2mb\u0103t\u0103 pe site-ul institu\u021biei. \u00a0Atentatele teroriste din Fran\u021ba au revoltat \u00eentreaga lume civilizat\u0103, rela\u021biile istorice [&hellip;]<\/p>\n","protected":false},"author":1,"featured_media":374265,"comment_status":"open","ping_status":"","sticky":false,"template":"","format":"standard","meta":{"footnotes":""},"categories":[2],"tags":[30],"class_list":["post-374264","post","type-post","status-publish","format-standard","has-post-thumbnail","hentry","category-politics","tag-observatornews-ro"],"_links":{"self":[{"href":"https:\/\/analyse.optim.biz\/index.php?rest_route=\/wp\/v2\/posts\/374264","targetHints":{"allow":["GET"]}}],"collection":[{"href":"https:\/\/analyse.optim.biz\/index.php?rest_route=\/wp\/v2\/posts"}],"about":[{"href":"https:\/\/analyse.optim.biz\/index.php?rest_route=\/wp\/v2\/types\/post"}],"author":[{"embeddable":true,"href":"https:\/\/analyse.optim.biz\/index.php?rest_route=\/wp\/v2\/users\/1"}],"replies":[{"embeddable":true,"href":"https:\/\/analyse.optim.biz\/index.php?rest_route=%2Fwp%2Fv2%2Fcomments&post=374264"}],"version-history":[{"count":0,"href":"https:\/\/analyse.optim.biz\/index.php?rest_route=\/wp\/v2\/posts\/374264\/revisions"}],"wp:featuredmedia":[{"embeddable":true,"href":"https:\/\/analyse.optim.biz\/index.php?rest_route=\/wp\/v2\/media\/374265"}],"wp:attachment":[{"href":"https:\/\/analyse.optim.biz\/index.php?rest_route=%2Fwp%2Fv2%2Fmedia&parent=374264"}],"wp:term":[{"taxonomy":"category","embeddable":true,"href":"https:\/\/analyse.optim.biz\/index.php?rest_route=%2Fwp%2Fv2%2Fcategories&post=374264"},{"taxonomy":"post_tag","embeddable":true,"href":"https:\/\/analyse.optim.biz\/index.php?rest_route=%2Fwp%2Fv2%2Ftags&post=374264"}],"curies":[{"name":"wp","href":"https:\/\/api.w.org\/{rel}","templated":true}]}}