{"id":374006,"date":"2015-11-15T20:12:00","date_gmt":"2015-11-15T17:12:00","guid":{"rendered":"https:\/\/analyse.optim.biz\/?p=374006"},"modified":"2015-11-15T20:12:00","modified_gmt":"2015-11-15T17:12:00","slug":"blaga-sa-nu-se-mai-aloce-fonduri-prin-ordin-de-ministru-ci-prin-hotarare-de-guvern","status":"publish","type":"post","link":"https:\/\/analyse.optim.biz\/?p=374006","title":{"rendered":"Blaga: &#8220;S\u0103 nu se mai aloce fonduri prin ordin de ministru, ci prin hot\u0103r\u00e2re de guvern&#8221;"},"content":{"rendered":"<div class=\"description\" data-key=\"description\">Copre\u0219edintele PNL Vasile Blaga a declarat, duminic\u0103, dup\u0103 \u00eent\u00e2lnirea liderilor forma\u021biunii cu Dacian Ciolo\u0219, c\u0103 liberalii au ob\u021binut promisiunea premierului desemnat ca aloc\u0103rile de fonduri s\u0103 fie transparente, dar \u0219i de a afla cum s-au alocat \u00een ultimele s\u0103pt\u0103m\u00e2ni dou\u0103 miliarde de euro c\u0103tre administra\u021biile locale.<\/div>\n<div class=\"articleBody\" data-key=\"articleBody\">\u00a0Copre\u0219edintele PNL Vasile Blaga a declarat, duminic\u0103, dup\u0103 \u00eent\u00e2lnirea liderilor forma\u021biunii cu Dacian Ciolo\u0219, c\u0103 liberalii au ob\u021binut promisiunea premierului desemnat ca aloc\u0103rile de fonduri s\u0103 fie transparente, dar \u0219i de a afla cum s-au alocat \u00een ultimele s\u0103pt\u0103m\u00e2ni dou\u0103 miliarde de euro c\u0103tre administra\u021biile locale.<br \/>\n&#8220;Am discutat un lucru care \u021bine administra\u021bie, dar \u0219i de proiectul de buget, de investi\u021bii, dar \u0219i de autorit\u0103\u021bile locale \u0219i am ob\u021binut promisiunea domnului prim-ministru c\u0103 va proceda normal, cum trebuie procedat, adic\u0103 toate aloc\u0103rile de fonduri s\u0103 fie transparente, dar s\u0103 \u0219i \u0219tim cum s-au alocat vreo dou\u0103 miliarde \u0219i ceva de euro c\u0103tre administra\u021bii doar \u00een ultimele s\u0103pt\u0103m\u00e2ni \u0219i pe parcursul anilor&#8221;, a afirmat Blaga.<br \/>\nEl a spus c\u0103 toate ordinele de ministru trebuie publicate \u00een Monitorul Oficial \u0219i c\u0103 nu trebuie s\u0103 se mai aloce fonduri prin ordin de ministru, ci prin hot\u0103r\u00e2re de Guvern.<br \/>\n&#8220;Prin urmare, toate ordinele de ministru publicate \u00een Monitorul Oficial, a\u0219a cum este normal, ca s\u0103 nu mai existe discu\u021bii, din acest punct de vedere, s\u0103 \u0219tim exact unde s-au dus banii \u0219i dac\u0103 exist\u0103 vreo strategie jude\u021bean\u0103 sau na\u021bional\u0103 de care s-a \u021binut cont atunci c\u00e2nd s-au alocat aceste fonduri \u0219i s\u0103 nu se mai aloce fonduri prin ordin de ministru, dec\u00e2t prin hot\u0103r\u00e2re de Guvern, a\u0219a cum a fost \u00een Rom\u00e2nia \u00een ultimii 22 de ani&#8221;, a ad\u0103ugat Blaga.<br \/>\nLa r\u00e2ndul s\u0103u, copre\u0219edintele PNL Alina Gorghiu a spus c\u0103 este firesc ca premierul Ciolo\u0219 s\u0103 fac\u0103 o evaluare a oamenilor din administra\u021bie \u00eenainte de a lua o m\u0103sur\u0103 \u00een privin\u021ba lor, ad\u0103ug\u00e2nd c\u0103 nu-\u0219i dore\u0219te nimeni s\u0103 schimbe pesedi\u0219ti cu peneli\u0219ti sau al\u021bi membri de partid, ci c\u0103 trebuie \u00eenceput procesul de profesionalizare a administra\u021biei.<br \/>\n&#8220;Nu m\u0103 a\u0219teptam s\u0103 ia vreo m\u0103sur\u0103 f\u0103r\u0103 s\u0103 fac\u0103 o evaluare, c\u0103 doar nu o s\u0103 punem carul \u00eenaintea boilor. Este absolut firesc s\u0103 ne dorim, ca partid care a v\u0103zut cum s-a politizat de-a lungul vremii statul rom\u00e2n, mai abitir ca niciodat\u0103 \u00een mandatul PSD, s\u0103 ridic\u0103m ni\u0219te semne de \u00eentrebare cu privire la aparatul de stat \u00een acest moment, dar, sigur, aparatul de stat este obiectul evalu\u0103rii primului ministru \u0219i al Cancelariei primului ministru, \u00een definitiv. Am convingerea c\u0103 a\u0219a cum domnul Ciolo\u0219 \u0219i-a f\u0103cut echipa cum a considerat domnia sa de cuviin\u021b\u0103, f\u0103r\u0103 s\u0103 ne \u00eentrebe \u0219i f\u0103r\u0103 s\u0103 vrem s\u0103 particip\u0103m \u00een vreun fel la aceste decizii, pentru c\u0103 este atributul domniei sale, a\u0219a va putea s\u0103 fac\u0103 analiza pe care ne-o dorim asupra administra\u021biei. (&#8230;) Discu\u021bia a fost c\u0103 nu-\u0219i dore\u0219te nimeni s\u0103 schimbe pesedi\u0219ti cu peneli\u0219ti sau al\u021bi membri de partid, ci evident cu to\u021bii am c\u0103zut de acord c\u0103 este un T zero de la care ar trebui s\u0103 \u00eencepem procesul de profesionalizare a administra\u021biei&#8221;, a sus\u021binut Gorghiu.<br \/>\nEa a ad\u0103ugat c\u0103 un guvern tehnocrat are mult mai la \u00eendem\u00e2n\u0103 acest instrument de profesionalizare a administra\u021biei dec\u00e2t un guvern politic \u0219i \u0219i-a exprimat convingerea c\u0103 &#8220;se va \u00eent\u00e2mpla \u0219i schimbarea unor oameni \u00een timp, care se dovedesc a nu fi profesioni\u0219ti, ci a fi pu\u0219i acolo&#8221;.<br \/>\nSursa: agerpres.ro<\/div>\n<p> Source URL: https:\/\/observatornews.ro\/politic\/blaga-sa-nu-se-mai-aloce-fonduri-prin-ordin-de-ministru-ci-prin-hotarare-de-guvern-166709.html<\/p>\n","protected":false},"excerpt":{"rendered":"<p>Copre\u0219edintele PNL Vasile Blaga a declarat, duminic\u0103, dup\u0103 \u00eent\u00e2lnirea liderilor forma\u021biunii cu Dacian Ciolo\u0219, c\u0103 liberalii au ob\u021binut promisiunea premierului desemnat ca aloc\u0103rile de fonduri s\u0103 fie transparente, dar \u0219i de a afla cum s-au alocat \u00een ultimele s\u0103pt\u0103m\u00e2ni dou\u0103 miliarde de euro c\u0103tre administra\u021biile locale. \u00a0Copre\u0219edintele PNL Vasile Blaga a declarat, duminic\u0103, dup\u0103 \u00eent\u00e2lnirea [&hellip;]<\/p>\n","protected":false},"author":1,"featured_media":374007,"comment_status":"open","ping_status":"","sticky":false,"template":"","format":"standard","meta":{"footnotes":""},"categories":[2],"tags":[30],"class_list":["post-374006","post","type-post","status-publish","format-standard","has-post-thumbnail","hentry","category-politics","tag-observatornews-ro"],"_links":{"self":[{"href":"https:\/\/analyse.optim.biz\/index.php?rest_route=\/wp\/v2\/posts\/374006","targetHints":{"allow":["GET"]}}],"collection":[{"href":"https:\/\/analyse.optim.biz\/index.php?rest_route=\/wp\/v2\/posts"}],"about":[{"href":"https:\/\/analyse.optim.biz\/index.php?rest_route=\/wp\/v2\/types\/post"}],"author":[{"embeddable":true,"href":"https:\/\/analyse.optim.biz\/index.php?rest_route=\/wp\/v2\/users\/1"}],"replies":[{"embeddable":true,"href":"https:\/\/analyse.optim.biz\/index.php?rest_route=%2Fwp%2Fv2%2Fcomments&post=374006"}],"version-history":[{"count":0,"href":"https:\/\/analyse.optim.biz\/index.php?rest_route=\/wp\/v2\/posts\/374006\/revisions"}],"wp:featuredmedia":[{"embeddable":true,"href":"https:\/\/analyse.optim.biz\/index.php?rest_route=\/wp\/v2\/media\/374007"}],"wp:attachment":[{"href":"https:\/\/analyse.optim.biz\/index.php?rest_route=%2Fwp%2Fv2%2Fmedia&parent=374006"}],"wp:term":[{"taxonomy":"category","embeddable":true,"href":"https:\/\/analyse.optim.biz\/index.php?rest_route=%2Fwp%2Fv2%2Fcategories&post=374006"},{"taxonomy":"post_tag","embeddable":true,"href":"https:\/\/analyse.optim.biz\/index.php?rest_route=%2Fwp%2Fv2%2Ftags&post=374006"}],"curies":[{"name":"wp","href":"https:\/\/api.w.org\/{rel}","templated":true}]}}