{"id":374004,"date":"2015-11-16T06:57:00","date_gmt":"2015-11-16T03:57:00","guid":{"rendered":"https:\/\/analyse.optim.biz\/?p=374004"},"modified":"2015-11-16T06:57:00","modified_gmt":"2015-11-16T03:57:00","slug":"ministrii-noului-cabinet-se-vor-prezenta-in-parlament-urmeaza-sa-primeasca-votul-de-investitura","status":"publish","type":"post","link":"https:\/\/analyse.optim.biz\/?p=374004","title":{"rendered":"Mini\u0219trii noului Cabinet se vor prezenta \u00een Parlament! Urmeaz\u0103 s\u0103 primeasc\u0103 votul de \u00eenvestitur\u0103"},"content":{"rendered":"<div class=\"description\" data-key=\"description\">Mini\u0219trii propu\u0219i de premierul desemnat Dacian Ciolo\u0219 urmeaz\u0103 s\u0103 fie audia\u021bi \u00een comisiile de specialitate din Parlament, iar ulterior s\u0103 primeasc\u0103 votul de \u00eenvestitur\u0103 \u00een plenul reunit<\/div>\n<div class=\"articleBody\" data-key=\"articleBody\">\nMini\u0219trii propu\u0219i de premierul desemnat Dacian Ciolo\u0219 urmeaz\u0103 s\u0103 fie audia\u021bi \u00een comisiile de specialitate din Parlament, iar ulterior s\u0103 primeasc\u0103 votul de \u00eenvestitur\u0103 \u00een plenul reunit<br \/>\nBirourile permanente reunite ale Camerei Deputa\u021bilor \u0219i Senatului urmeaz\u0103 s\u0103 stabileasc\u0103 luni calendarul desf\u0103\u0219ur\u0103rii audierilor.<br \/>\nPremierul desemnat Dacian Ciolo\u0219 se va prezenta \u00een Parlament cu urm\u0103toarea list\u0103 de propuneri pentru portofolii:<br \/>\n* Viceprim-ministru \u0219i ministru al Economiei, Comer\u021bului \u0219i Rela\u021biilor cu Mediul de Afaceri \u2014 Costin Grigore Borc<br \/>\n* Viceprim-ministru \u0219i ministru al Dezvolt\u0103rii Regionale \u0219i Administra\u021biei Publice \u2014 Vasile D\u00e2ncu<br \/>\n* Ministerul Afacerilor Externe \u2014 Laz\u0103r Com\u0103nescu<br \/>\n* Ministerul Afacerilor Interne \u2014 Petre Tob\u0103<br \/>\n* Ministerul Ap\u0103r\u0103rii Na\u021bionale \u2014 Mihnea Ioan Motoc<br \/>\n* Ministerul Finan\u021belor Publice \u2014 Anca Dana Dragu Paliu<br \/>\n* Ministerul Justi\u021biei \u2014 Cristina Guseth<br \/>\n* Ministerul Fondurilor Europene \u2014 Aura Carmen R\u0103ducu<br \/>\n* Ministerul Agriculturii \u0219i Dezvolt\u0103rii Rurale \u2014 Achim Irimescu<br \/>\n* Ministerul Muncii, Familiei, Protec\u021biei Sociale \u0219i Persoanelor V\u00e2rstnice \u2014 Claudia Ana Moarc\u0103\u0219<br \/>\n* Ministrul Energiei \u2014 Victor Vlad Grigorescu<br \/>\n* Ministerul Transporturilor \u2014 Marian Dan Costescu<br \/>\n* Ministerul Mediului, Apelor \u0219i P\u0103durilor \u2014 Cristiana Pa\u0219ca Palmer<br \/>\n* Ministerul S\u0103n\u0103t\u0103\u021bii \u2014 Patriciu Achima\u0219-Cadariu<br \/>\n* Ministerul Educa\u021biei Na\u021bionale \u0219i Cercet\u0103rii \u0218tiin\u021bifice \u2014 Adrian Curaj<br \/>\n* Ministerul Comunica\u021biilor \u0219i pentru Societatea Informa\u021bional\u0103 \u2014 Marius-Raul Bostan<br \/>\n* Ministerul Culturii \u2014 Vlad Alexandrescu<br \/>\n* Ministerul Tineretului \u0219i Sportului \u2014 Elisabeta Lip\u0103<br \/>\n* Ministrul delegat pentru Consultare Public\u0103 \u0219i Dialog Social \u2014 Victoria-Violeta Alexandru<br \/>\n* Ministrul delegat pentru Rela\u021biile cu Rom\u00e2nii de Pretutindeni \u2014 Dan Stoenescu<br \/>\n* Departamentul pentru Rela\u021bia cu Parlamentul \u2014 Ciprian Bucur<br \/>\n* \u0218eful Cancelariei primului-ministru \u2014 Ioan Drago\u0219 Tudorache<br \/>\nIni\u021bial, pentru portofoliul S\u0103n\u0103t\u0103\u021bii a fost propus Andrei Baciu, \u00eens\u0103 acesta a fost retras, iar \u00een cursul serii de duminic\u0103 Guvernul a anun\u021bat, printr-un comunicat de pres\u0103, c\u0103 &#8220;nominalizarea pentru Ministerul S\u0103n\u0103t\u0103\u021bii trimis\u0103 Parlamentului de c\u0103tre domnul Prim-Ministru desemnat Dacian Ciolo\u0219 este domnul conferen\u021biar universitar doctor Patriciu Achima\u0219-Cadariu, \u00een prezent director al Institutului Oncologic Cluj-Napoca&#8221;.<br \/>\nPremierul desemnat Dacian Ciolo\u0219 a declarat, duminic\u0103, \u00eentr-o conferin\u021b\u0103 de pres\u0103, c\u0103 a urm\u0103rit s\u0103 aleag\u0103 \u00een echipa guvernamental\u0103 oameni &#8220;profesioni\u0219ti, integri, deschi\u0219i spre dialog&#8221;, preciz\u00e2nd c\u0103 luni \u0219i mar\u021bi va merge cu ace\u0219tia \u00een fa\u021ba Parlamentului pentru a ob\u021bine votul de \u00eenvestitur\u0103.<br \/>\n*** Pozi\u021biile partidelor parlamentare \u00eenaintea votului pentru \u00eenvestirea Cabinetului Ciolo\u0219<br \/>\n* Pre\u0219edintele PSD, Liviu Dragnea, a anun\u021bat c\u0103 CExN al partidului recomand\u0103 parlamentarilor social-democra\u021bi s\u0103 voteze \u00een favoarea \u00eenvestirii Guvernului Ciolo\u0219 dac\u0103 mini\u0219trii desemna\u021bi vor avea o presta\u021bie bun\u0103 \u00een timpul audierilor din comisiile de specialitate ale Parlamentului.<br \/>\n&#8220;CExN recomand\u0103 grupurilor parlamentare ale PSD, \u00een condi\u021biile \u00een care m\u00e2ine (n.r. \u2014 luni) \u0219i poim\u00e2ine (n.r. \u2014 mar\u021bi) mini\u0219trii desemna\u021bi vor avea o presta\u021bie bun\u0103 \u00een comisii \u0219i vor demonstra c\u0103 sunt oamenii potrivi\u021bi la locurile potrivite, s\u0103 voteze pentru \u00eenvestirea acestui Guvern. \u00cen ce prive\u0219te sus\u021binerea ulterioar\u0103 a Guvernului, PSD \u00ee\u0219i rezerv\u0103 dreptul de a monitoriza activitatea fiec\u0103rui ministru \u0219i minister \u00een parte, precum \u0219i activitatea Guvernului \u00een ansamblu, pentru a ne asigura c\u0103 valorile, principiile, m\u0103surile, angajamentele pe care noi le-am luat \u00een ultimii ani vor fi respectate \u0219i de viitorul Guvern. Orice derapaj de la angajamentele prezentate \u00een programul de guvernare \u0219i de la angajamentele prezentate \u00een cadrul discu\u021biilor de azi va fi sanc\u021bionat foarte serios de c\u0103tre PSD&#8221;, a afirmat Dragnea, la Parlament, dup\u0103 \u0219edin\u021ba CExN al PSD.<br \/>\n* Partidul Na\u021bional Liberal nu are nicio re\u021binere \u00een a sus\u021bine Guvernul Ciolo\u0219, av\u00e2nd \u00een vedere c\u0103 este o echip\u0103 care promite, iar programul de guvernare se suprapune pe cel al liberalilor, au anun\u021bat, duminic\u0103, copre\u0219edin\u021bii PNL Alina Gorghiu \u0219i Vasile Blaga, dup\u0103 \u00eent\u00e2lnirea cu premierul desemnat Dacian Ciolo\u0219.<br \/>\n&#8220;Este o echip\u0103 care promite multe, i-am spus \u0219i \u00een interior domnului Ciolo\u0219 c\u0103 nu-l invidiez, dar \u00eei urez succes. (&#8230;) A fost singura solu\u021bie agreat\u0103 se pare de toat\u0103 lumea la sugestia pre\u0219edintelui Klaus Iohannis pentru a ie\u0219i din aceast\u0103 criz\u0103 politic\u0103. Ne-a prezentat un decalog, un set de priorit\u0103\u021bi pe care Guvernul domniei sale \u00eel are \u00een vedere. Ne bucur\u0103m c\u0103 acest set de priorit\u0103\u021bi se suprapune pe programul de guvernare al PNL, motiv pentru care nu avem nicio ezitare \u00een a spune c\u0103 parteneriatul dintre PNL, Guvernul tehnocrat condus de premierul Ciolo\u0219 \u0219i pre\u0219edintele Klaus Iohannis este un proiect prioritar pentru PNL. \u00cel asigur\u0103m c\u0103 vom fi al\u0103turi de acest Guvern \u00een orice proiect care este spre binele Rom\u00e2niei&#8221;, a afirmat Alina Gorghiu.<br \/>\nLa r\u00e2ndul s\u0103u, Vasile Blaga a spus c\u0103 liberalii vor vota la \u00eenvestitur\u0103 echipa guvernamental\u0103 a lui Dacian Ciolo\u0219 \u0219i vor sprijini \u0219i proiectele at\u00e2ta timp c\u00e2t corespund a\u0219tept\u0103rilor popula\u021biei.<br \/>\n* \u0218i UNPR \u0219i-a exprimat sus\u021binerea fa\u021b\u0103 de noul Guvern.<br \/>\n&#8220;Uniunea Na\u021bional\u0103 pentru Progresul Rom\u00e2niei va sus\u021bine \u00een Parlament premierul desemnat \u0219i Cabinetul propus de acesta&#8221;, se ar\u0103ta \u00eentr-un comunicat al UNPR transmis AGERPRES, dup\u0103 \u00eent\u00e2lnirea pe care liderii progresi\u0219ti au avut-o cu premierul desemnat Dacian Ciolo\u0219 pe tema form\u0103rii noului Guvern.<br \/>\n* Pre\u0219edintele UDMR, Kelemen Hunor, consider\u0103 c\u0103 premierul desemnat Dacian Ciolo\u0219 nu va avea probleme la \u00eenvestirea Cabinetului s\u0103u, \u00eentruc\u00e2t \u0219i-a asigurat sus\u021binerea PSD prin nominalizarea lui Vasile D\u00e2ncu, iar pentru urm\u0103torul an va exista stabilitate politic\u0103.<br \/>\nEl a declarat, pentru AGERPRES, c\u0103 o decizie referitoare la sus\u021binerea acordat\u0103 Cabinetului Ciolo\u0219 de UDMR va fi luat\u0103 luni, dar recomandarea sa pentru parlamentarii forma\u021biunii este s\u0103 dea un vot de \u00eenvestitur\u0103. &#8221;Noi vom avea o \u00eent\u00e2lnire m\u00e2ine cu el (n.r. \u2014 Dacian Ciolo\u0219), la 15,30, la grupurile reunite \u0219i dup\u0103 aceea vom lua o decizie formal\u0103, dar recomandarea mea este pentru a da un vot de \u00eenvestitur\u0103 pentru acest Guvern&#8221;, a afirmat Kelemen Hunor.<br \/>\n* Partidul Social Rom\u00e2nesc va vota pentru \u00eenvestirea Cabinetului condus de Dacian Ciolo\u0219, \u00eens\u0103 o viitoare sus\u021binere \u00een Parlament va depinde de modul \u00een care noul Guvern va r\u0103spunde a\u0219tept\u0103rilor popula\u021biei, a anun\u021bat duminic\u0103 pre\u0219edintele PSRO, Mircea Geoan\u0103.<br \/>\n&#8220;PSRO consider\u0103 c\u0103 principala obliga\u021bie a noului Guvern va fi s\u0103 vin\u0103 cu un program de guvernare solid, axat pe crearea de locuri de munc\u0103. (&#8230;) Vom vota \u00eenvestirea Cabinetului Ciolo\u0219, dar sus\u021binerea PSRO \u00een Parlament va depinde foarte mult de modul \u00een care noul Cabinet va \u0219ti s\u0103 r\u0103spund\u0103 acestor a\u0219tept\u0103ri&#8221;, a declarat Geoan\u0103.<br \/>\nConform Constitu\u021biei, Parlamentul acord\u0103 \u00eencredere Guvernului cu votul majorit\u0103\u021bii deputa\u021bilor \u0219i senatorilor (art. 103, alin. 3). Dup\u0103 \u0219edin\u021ba comun\u0103 a Parlamentului, &#8220;primul-ministru, mini\u0219trii \u0219i ceilal\u021bi membri ai Guvernului vor depune individual, \u00een fa\u021ba Pre\u0219edintelui Rom\u00e2niei, jur\u0103m\u00e2ntul&#8221; (art. 104, alin. 1 din Constitu\u021bie).<\/div>\n<p> Source URL: https:\/\/observatornews.ro\/politic\/minitrii-noului-cabinet-se-vor-prezenta-in-parlament-urmeaza-sa-primeasca-votul-de-investitura-166729.html<\/p>\n","protected":false},"excerpt":{"rendered":"<p>Mini\u0219trii propu\u0219i de premierul desemnat Dacian Ciolo\u0219 urmeaz\u0103 s\u0103 fie audia\u021bi \u00een comisiile de specialitate din Parlament, iar ulterior s\u0103 primeasc\u0103 votul de \u00eenvestitur\u0103 \u00een plenul reunit Mini\u0219trii propu\u0219i de premierul desemnat Dacian Ciolo\u0219 urmeaz\u0103 s\u0103 fie audia\u021bi \u00een comisiile de specialitate din Parlament, iar ulterior s\u0103 primeasc\u0103 votul de \u00eenvestitur\u0103 \u00een plenul reunit Birourile [&hellip;]<\/p>\n","protected":false},"author":1,"featured_media":374005,"comment_status":"open","ping_status":"","sticky":false,"template":"","format":"standard","meta":{"footnotes":""},"categories":[2],"tags":[30],"class_list":["post-374004","post","type-post","status-publish","format-standard","has-post-thumbnail","hentry","category-politics","tag-observatornews-ro"],"_links":{"self":[{"href":"https:\/\/analyse.optim.biz\/index.php?rest_route=\/wp\/v2\/posts\/374004","targetHints":{"allow":["GET"]}}],"collection":[{"href":"https:\/\/analyse.optim.biz\/index.php?rest_route=\/wp\/v2\/posts"}],"about":[{"href":"https:\/\/analyse.optim.biz\/index.php?rest_route=\/wp\/v2\/types\/post"}],"author":[{"embeddable":true,"href":"https:\/\/analyse.optim.biz\/index.php?rest_route=\/wp\/v2\/users\/1"}],"replies":[{"embeddable":true,"href":"https:\/\/analyse.optim.biz\/index.php?rest_route=%2Fwp%2Fv2%2Fcomments&post=374004"}],"version-history":[{"count":0,"href":"https:\/\/analyse.optim.biz\/index.php?rest_route=\/wp\/v2\/posts\/374004\/revisions"}],"wp:featuredmedia":[{"embeddable":true,"href":"https:\/\/analyse.optim.biz\/index.php?rest_route=\/wp\/v2\/media\/374005"}],"wp:attachment":[{"href":"https:\/\/analyse.optim.biz\/index.php?rest_route=%2Fwp%2Fv2%2Fmedia&parent=374004"}],"wp:term":[{"taxonomy":"category","embeddable":true,"href":"https:\/\/analyse.optim.biz\/index.php?rest_route=%2Fwp%2Fv2%2Fcategories&post=374004"},{"taxonomy":"post_tag","embeddable":true,"href":"https:\/\/analyse.optim.biz\/index.php?rest_route=%2Fwp%2Fv2%2Ftags&post=374004"}],"curies":[{"name":"wp","href":"https:\/\/api.w.org\/{rel}","templated":true}]}}