{"id":373768,"date":"2015-11-17T19:22:00","date_gmt":"2015-11-17T16:22:00","guid":{"rendered":"https:\/\/analyse.optim.biz\/?p=373768"},"modified":"2015-11-17T19:22:00","modified_gmt":"2015-11-17T16:22:00","slug":"guseth-am-vrut-sa-reprezint-agenda-cetateanului-imi-cer-scuze-pentru-prestatie","status":"publish","type":"post","link":"https:\/\/analyse.optim.biz\/?p=373768","title":{"rendered":"Guseth: Am vrut s\u0103 reprezint agenda cet\u0103\u0163eanului, \u00eemi cer scuze pentru presta\u0163ie"},"content":{"rendered":"<div class=\"description\" data-key=\"description\">Cristina Guseth, a c\u0103rei nominalizare pentru func\u0163ia de ministru al Justi\u0163iei a fost retras\u0103 \u00een urma audierii \u00een comisiile de specialitate din Parlament, scrie pe Facebook c\u0103 a fost animat\u0103 de dorin\u0163a de a reprezenta agenda cet\u0103\u0163eanului care nu are studii de drept<\/div>\n<div class=\"articleBody\" data-key=\"articleBody\">Cristina Guseth, a c\u0103rei nominalizare pentru func\u0163ia de ministru al Justi\u0163iei a fost retras\u0103 \u00een urma audierii \u00een comisiile de specialitate din Parlament, scrie pe Facebook c\u0103 a fost animat\u0103 de dorin\u0163a de a reprezenta agenda cet\u0103\u0163eanului care nu are studii de drept \u015fi \u00ee\u015fi cere scuze pentru presta\u0163ie.<br \/>\n&#8220;M-am dus cu bun\u0103-credin\u0163\u0103 la audieri. Aveam de partea mea experien\u0163a managerial\u0103 a lucrului cu magistra\u0163ii \u015fi institu\u0163iile sistemului judiciar. Am fost animat\u0103 de dorin\u0163a de a reprezenta \u00eentr-un mandat provizoriu, de doar un an, agenda cet\u0103\u0163eanului, a justi\u0163iabilului care nu are studii de drept, dar \u00ee\u015fi dore\u015fte procese mai scurte, integritate \u00een r\u00e2ndul magistra\u0163ilor \u015fi combaterea corup\u0163iei. Legile \u015fi institu\u0163iile, prevederile legale nu sunt un scop \u00een sine, ci sunt \u00een slujba acestor obiective&#8221;, scrie Cristina Guseth pe pagina sa de Facebook.<br \/>\nEa admite \u00eens\u0103 c\u0103 presta\u0163ia sa la audieri a fost &#8220;slab\u0103&#8221; \u015fi \u00ee\u015fi cer scuze tuturor celor la a\u015fteptarile c\u0103rora nu s-a ridicat. Totodat\u0103, Guseth le mul\u0163ume\u015fte celor care au sus\u0163inut-o \u015fi celor care au criticat-o cu bun\u0103-credin\u0163\u0103.<\/p>\n<p>&#8220;\u00cei asigur c\u0103, dincolo de acest e\u015fec personal, voi continua s\u0103 sus\u0163in, din afara sistemului judiciar statul de drept, integritatea \u00een via\u0163a public\u0103 \u015fi lupta \u00eempotriva corup\u0163iei. \u00cei urez succes doamnei Raluca Prun\u0103, un profesionist des\u0103v\u00e2r\u015fit, \u00een eforturile de a cre\u015fte \u00eencrederea cet\u0103\u0163enilor \u00een domnia legii \u00een Rom\u00e2nia&#8221;, mai spune directorul Freedom House Rom\u00e2nia.<br \/>\nPremierul desemnat Dacian Ciolo\u015f a anun\u0163at, \u00een noaptea de luni spre mar\u0163i, \u00eentr-o postare pe Facebook, c\u0103 a hot\u0103r\u00e2t s\u0103 retrag\u0103 propunerea Cristinei Guseth pentru portofoliul Justi\u0163iei, &#8220;pentru a nu vulnerabiliza \u00een niciun fel \u00eencrederea \u00een ministrul Justi\u0163iei din Guvern&#8221;<br \/>\nLuni sear\u0103, Cristina Guseth a fost audiat\u0103 de comisiile de specialitate din Parlament, la audiere fiind prezen\u0163i 53 de parlamentari, membri \u00een cele \u015fapte comisii.<br \/>\nGuseth a avut ezit\u0103ri, \u00een special la \u00eentreb\u0103rile deputatei ALDE Stelu\u0163a C\u0103t\u0103niciu privind sistemul de imunit\u0103\u0163i, iar senatorul PSD \u0218erban Nicolae a sf\u0103tuit-o s\u0103 renun\u0163e la nominalizare.<br \/>\n\u015eedin\u0163a a fost marcat\u0103 \u015fi de o pauz\u0103 pentru consult\u0103ri cu u\u015file \u00eenchise \u00eenainte de vot, cerut\u0103 de vicepre\u015fedintele Comisiei juridice din Camera Deputa\u0163ilor, Ciprian Nica (PSD).<br \/>\nGuseth a fost avizat\u0103 favorabil cu 41 de voturi &#8220;pentru&#8221;, \u015fase voturi &#8220;\u00eempotriv\u0103&#8221; \u015fi \u015fase ab\u0163ineri.<br \/>\nDup\u0103 audiere, ea a recunoscut c\u0103 s-a &#8220;blocat&#8221; la \u00eentreb\u0103rile privind imunitatea, dar \u015fi c\u0103 i-a fost greu s\u0103 le spun\u0103 parlamentarilor c\u0103 ei ar fi viza\u0163i de o revizuire a sistemului de imunit\u0103\u0163i.<br \/>\nAnterior audierii, nominalizarea Cristinei Guseth pentru portofoliul Justi\u0163iei a fost criticat\u0103 \u015fi de Uniunea Na\u0163ional\u0103 a Judec\u0103torilor din Rom\u00e2nia (UNJR), pe motiv c\u0103 aceasta nu are studii juridice.<br \/>\nCristina Guseth, \u00een v\u00e2rst\u0103 de 56 de ani, a absolvit \u00een 1983 Facultatea de Electronic\u0103 \u015fi Telecomunica\u0163ii a Universit\u0103\u0163ii Politehnica Bucure\u015fti, iar dup\u0103 Revolu\u0163ie a urmat cursuri de comunicare la Emerson College (Atena).<br \/>\nAceasta a ini\u0163iat \u015fi coordonat programe de preg\u0103tire pentru jurnali\u015fti \u015fi manageri de pres\u0103 \u015fi a coordonat programul \u015fcolii BBC \u00een Rom\u00e2nia.<br \/>\nDin 1998, este director al Freedom House Rom\u00e2nia, ONG cu credibilitate \u00een zona de integritate \u015fi politici anticorup\u0163ie, recunoscut datorit\u0103 rapoartelor sale anuale \u00een ceea ce prive\u015fte &#8220;stadiul democra\u0163iei&#8221; \u00een aproape toate \u0163\u0103rile lumii.<br \/>\nCristina Guseth a elaborat ghiduri de bune practici, \u00eendeosebi \u00een domeniul achizi\u0163iilor publice. Ea a fost ini\u0163iatorul \u015fi liantul grupului de editori care au fondat Biroul Rom\u00e2n de Audit al Tirajelor.<br \/>\n\u00cen anul 2007, Freedom House Rom\u00e2nia \u015fi fostul ministru al Justi\u0163iei Monica Macovei erau acuza\u0163i de c\u0103tre ministrul de Justi\u0163iei de la acea vreme, Tudor Chiuariu \u015fi de fostul procuror-general adjunct al Parchetului Na\u0163ional Anticorup\u0163ie (PNA) de presupuse ilegalit\u0103\u0163i comise \u00een leg\u0103tur\u0103 cu efectuarea auditului privind Strategia anticorup\u0163ie.<br \/>\n\u00cen septembrie 2007, Adrian Miclescu, fostul adjunct al \u015fefului PNA (actual DNA), actual avocat, sus\u0163inea c\u0103 raportul de audit al Freedom House din 2005 a fost realizat de &#8220;poe\u0163i, filologi, persoane care nu aveau no\u0163iuni de procedur\u0103 penal\u0103 \u015fi de ceea ce \u00eenseamn\u0103 circuitul unui dosar&#8221;. Miclescu mai declara atunci c\u0103 auditul a fost f\u0103cut la comand\u0103 politic\u0103 \u015fi a fost realizat de trei exper\u0163i ai Freedon House care au dovedit lips\u0103 de profesionalism, \u201dmanifest\u00e2nd o evident\u0103 tent\u0103 \u00eempotriva PNA, f\u0103r\u0103 s\u0103 cunoasc\u0103 institu\u0163ia, procedura penal\u0103, aspectele tehnice\u201d.<br \/>\nMinistrul Justi\u0163iei, Tudor Chiuariu, a lansat \u015fi el la acea vreme acuza\u0163ii foarte grave la adresa predecesorului s\u0103u Monica Macovei \u015fi a unor membri ai societ\u0103\u0163ii civile \u00een leg\u0103tur\u0103 cu modul \u00een care a fost realizat auditul privind Strategia anticorup\u0163ie, realizat de c\u0103tre Freedom House.<br \/>\nAceste controverse au culminat cu depunerea de c\u0103tre Ministerul Justi\u0163iei, \u00een octombrie 2007, a unei pl\u00e2ngeri penale la Parchetul instan\u0163ei supreme \u00eempotriva Monic\u0103i Macovei \u015fi a auditorilor, iar nou\u0103 luni mai t\u00e2rziu unitatea de parchet decidea ne\u00eenceperea urm\u0103ririi penale fa\u0163\u0103 de fostul de\u0163in\u0103tor al portofoliului de la Justi\u0163ie, Monica Macovei, \u00een cazul licita\u0163iei pentru auditul privind Strategia anticorup\u0163ie, realizat de c\u0103tre Freedom House, temeiul \u00eenchiderii cazului fiind acela c\u0103 &#8220;fapta nu exist\u0103&#8221;.<\/p><\/div>\n<p> Source URL: https:\/\/observatornews.ro\/politic\/guseth-am-vrut-sa-reprezint-agenda-cetateanului-imi-cer-scuze-pentru-prestatie-166914.html<\/p>\n","protected":false},"excerpt":{"rendered":"<p>Cristina Guseth, a c\u0103rei nominalizare pentru func\u0163ia de ministru al Justi\u0163iei a fost retras\u0103 \u00een urma audierii \u00een comisiile de specialitate din Parlament, scrie pe Facebook c\u0103 a fost animat\u0103 de dorin\u0163a de a reprezenta agenda cet\u0103\u0163eanului care nu are studii de drept Cristina Guseth, a c\u0103rei nominalizare pentru func\u0163ia de ministru al Justi\u0163iei a [&hellip;]<\/p>\n","protected":false},"author":1,"featured_media":0,"comment_status":"open","ping_status":"","sticky":false,"template":"","format":"standard","meta":{"footnotes":""},"categories":[2],"tags":[30],"class_list":["post-373768","post","type-post","status-publish","format-standard","hentry","category-politics","tag-observatornews-ro"],"_links":{"self":[{"href":"https:\/\/analyse.optim.biz\/index.php?rest_route=\/wp\/v2\/posts\/373768","targetHints":{"allow":["GET"]}}],"collection":[{"href":"https:\/\/analyse.optim.biz\/index.php?rest_route=\/wp\/v2\/posts"}],"about":[{"href":"https:\/\/analyse.optim.biz\/index.php?rest_route=\/wp\/v2\/types\/post"}],"author":[{"embeddable":true,"href":"https:\/\/analyse.optim.biz\/index.php?rest_route=\/wp\/v2\/users\/1"}],"replies":[{"embeddable":true,"href":"https:\/\/analyse.optim.biz\/index.php?rest_route=%2Fwp%2Fv2%2Fcomments&post=373768"}],"version-history":[{"count":0,"href":"https:\/\/analyse.optim.biz\/index.php?rest_route=\/wp\/v2\/posts\/373768\/revisions"}],"wp:attachment":[{"href":"https:\/\/analyse.optim.biz\/index.php?rest_route=%2Fwp%2Fv2%2Fmedia&parent=373768"}],"wp:term":[{"taxonomy":"category","embeddable":true,"href":"https:\/\/analyse.optim.biz\/index.php?rest_route=%2Fwp%2Fv2%2Fcategories&post=373768"},{"taxonomy":"post_tag","embeddable":true,"href":"https:\/\/analyse.optim.biz\/index.php?rest_route=%2Fwp%2Fv2%2Ftags&post=373768"}],"curies":[{"name":"wp","href":"https:\/\/api.w.org\/{rel}","templated":true}]}}