{"id":373738,"date":"2015-11-18T07:39:00","date_gmt":"2015-11-18T04:39:00","guid":{"rendered":"https:\/\/analyse.optim.biz\/?p=373738"},"modified":"2015-11-18T07:39:00","modified_gmt":"2015-11-18T04:39:00","slug":"presedintele-iohannis-in-vizita-oficiala-in-slovacia","status":"publish","type":"post","link":"https:\/\/analyse.optim.biz\/?p=373738","title":{"rendered":"Pre\u0219edintele Iohannis, \u00een vizit\u0103 oficial\u0103 \u00een Slovacia"},"content":{"rendered":"<div class=\"description\" data-key=\"description\">Pre\u0219edintele Klaus Iohannis \u00eencepe miercuri o vizit\u0103 oficial\u0103 de dou\u0103 zile \u00een Republica Slovacia, unde urmeaz\u0103 s\u0103 se \u00eent\u00e2lneasc\u0103 cu omologul s\u0103u Andrej Kiska \u0219i cu premierul Robert Fico.<\/div>\n<div class=\"articleBody\" data-key=\"articleBody\">\u00a0Pre\u0219edintele Klaus Iohannis \u00eencepe miercuri o vizit\u0103 oficial\u0103 de dou\u0103 zile \u00een Republica Slovacia, unde urmeaz\u0103 s\u0103 se \u00eent\u00e2lneasc\u0103 cu omologul s\u0103u Andrej Kiska \u0219i cu premierul Robert Fico.<br \/>\nPotrivit unui comunicat al Administra\u021biei Preziden\u021biale, discu\u021biile cu demnitarii slovaci se vor concentra pe principalele teme de interes curent pentru cele dou\u0103 \u021b\u0103ri, cu accent pe intensificarea cooper\u0103rii economice bilaterale, securitatea energetic\u0103 a regiunii \u0219i european\u0103, cu prec\u0103dere \u00een contextul evolu\u021biilor din vecin\u0103tatea estic\u0103 a Uniunii Europene \u0219i \u00een perspectiva pre\u0219edin\u021biei slovace a Consiliului UE de anul viitor. Evolu\u021biile de securitate \u2014 cu accent pe flancul estic al NATO \u0219i situa\u021bia din vecin\u0103tatea estic\u0103, criza migra\u021biei \u0219i coordonarea \u00een cadrul Uniunii Europene, cooperarea regional\u0103 sunt alte teme care vor fi abordate.<br \/>\nLa Bratislava, \u0219eful statului va avea convorbiri tete-a-tete \u0219i oficiale cu pre\u0219edintele slovac \u0219i va sus\u021bine o declara\u021bie de pres\u0103 comun\u0103 cu acesta.<br \/>\nTot miercuri, pre\u0219edintele Iohannis va participa la un dejun de lucru oferit, \u00een onoarea sa, de pre\u0219edintele Consiliului Na\u021bional al Republicii Slovace, Peter Pellegrini, \u0219i la deschiderea Forumului bilateral al oamenilor de afaceri rom\u00e2ni \u0219i slovaci, \u00eempreun\u0103 cu pre\u0219edintele Andrej Kiska.<br \/>\n\u0218eful statului va avea \u0219i convorbiri cu premierul slovac, Robert Fico, iar apoi se va \u00eent\u00e2lni cu reprezentan\u021bi ai tinerilor profesioni\u0219ti rom\u00e2ni care \u00ee\u0219i desf\u0103\u0219oar\u0103 activitatea \u00een regiunea Bratislava. Seara, pre\u0219edintele slovac va oferi un dineu oficial \u00een onoarea \u0219efului statului rom\u00e2n.<br \/>\nJoi, pre\u0219edintele Iohannis va merge la Zvolen unde va depune coroane de flori la Cimitirul militar al Armatei Rom\u00e2ne, \u00eempreun\u0103 cu omologul s\u0103u slovac, \u0219i va participa la o ceremonie de decorare a veteranilor slovaci participan\u021bi la de-al Doilea R\u0103zboi Mondial. \u0218eful statului va avea \u0219i o scurt\u0103 \u00eent\u00e2lnire cu veterani slovaci \u0219i localnici, organizat\u0103 de primarul ora\u0219ului, Lenka Balkovicova.<br \/>\nDin delega\u021bia care \u00eel \u00eenso\u021be\u0219te pe \u0219eful statului fac parte noul ministru al Afacerilor Externe, Laz\u0103r Com\u0103nescu, \u0219i consilierii preziden\u021biali Leonard Orban, Ion Opri\u0219or, Cosmin Marinescu, Lauren\u021biu \u0218tefan \u0219i Andrei Muraru.<\/p>\n<p>Sursa: agerpres.ro<\/p><\/div>\n<p> Source URL: https:\/\/observatornews.ro\/politic\/preedintele-iohannis-in-vizita-oficiala-in-slovacia-166937.html<\/p>\n","protected":false},"excerpt":{"rendered":"<p>Pre\u0219edintele Klaus Iohannis \u00eencepe miercuri o vizit\u0103 oficial\u0103 de dou\u0103 zile \u00een Republica Slovacia, unde urmeaz\u0103 s\u0103 se \u00eent\u00e2lneasc\u0103 cu omologul s\u0103u Andrej Kiska \u0219i cu premierul Robert Fico. \u00a0Pre\u0219edintele Klaus Iohannis \u00eencepe miercuri o vizit\u0103 oficial\u0103 de dou\u0103 zile \u00een Republica Slovacia, unde urmeaz\u0103 s\u0103 se \u00eent\u00e2lneasc\u0103 cu omologul s\u0103u Andrej Kiska \u0219i cu [&hellip;]<\/p>\n","protected":false},"author":1,"featured_media":0,"comment_status":"open","ping_status":"","sticky":false,"template":"","format":"standard","meta":{"footnotes":""},"categories":[2],"tags":[30],"class_list":["post-373738","post","type-post","status-publish","format-standard","hentry","category-politics","tag-observatornews-ro"],"_links":{"self":[{"href":"https:\/\/analyse.optim.biz\/index.php?rest_route=\/wp\/v2\/posts\/373738","targetHints":{"allow":["GET"]}}],"collection":[{"href":"https:\/\/analyse.optim.biz\/index.php?rest_route=\/wp\/v2\/posts"}],"about":[{"href":"https:\/\/analyse.optim.biz\/index.php?rest_route=\/wp\/v2\/types\/post"}],"author":[{"embeddable":true,"href":"https:\/\/analyse.optim.biz\/index.php?rest_route=\/wp\/v2\/users\/1"}],"replies":[{"embeddable":true,"href":"https:\/\/analyse.optim.biz\/index.php?rest_route=%2Fwp%2Fv2%2Fcomments&post=373738"}],"version-history":[{"count":0,"href":"https:\/\/analyse.optim.biz\/index.php?rest_route=\/wp\/v2\/posts\/373738\/revisions"}],"wp:attachment":[{"href":"https:\/\/analyse.optim.biz\/index.php?rest_route=%2Fwp%2Fv2%2Fmedia&parent=373738"}],"wp:term":[{"taxonomy":"category","embeddable":true,"href":"https:\/\/analyse.optim.biz\/index.php?rest_route=%2Fwp%2Fv2%2Fcategories&post=373738"},{"taxonomy":"post_tag","embeddable":true,"href":"https:\/\/analyse.optim.biz\/index.php?rest_route=%2Fwp%2Fv2%2Ftags&post=373738"}],"curies":[{"name":"wp","href":"https:\/\/api.w.org\/{rel}","templated":true}]}}