{"id":373735,"date":"2015-11-18T09:39:00","date_gmt":"2015-11-18T06:39:00","guid":{"rendered":"https:\/\/analyse.optim.biz\/?p=373735"},"modified":"2015-11-18T09:39:00","modified_gmt":"2015-11-18T06:39:00","slug":"senatul-informat-de-iohannis-cu-privire-la-participarea-romaniei-intr-o-misiune-onu","status":"publish","type":"post","link":"https:\/\/analyse.optim.biz\/?p=373735","title":{"rendered":"Senatul, informat de Iohannis cu privire la participarea Rom\u00e2niei \u00eentr-o misiune ONU"},"content":{"rendered":"<div class=\"description\" data-key=\"description\">Senatul a luat act, miercuri, de informarea pre\u0219edintelui Klaus Iohannis cu privire la participarea Rom\u00e2niei cu o echip\u0103 a Serviciului de Protec\u021bie \u0219i Paz\u0103 la misiunea de protec\u021bie a reprezentantului special al secretarului general, \u0219eful Misiunii ONU Integrat\u0103 de Stabilizare Multidimensional\u0103 din Republica Centrafrican\u0103 (MINUSCA).<\/div>\n<div class=\"articleBody\" data-key=\"articleBody\">\u00a0Senatul a luat act, miercuri, de informarea pre\u0219edintelui Klaus Iohannis cu privire la participarea Rom\u00e2niei cu o echip\u0103 a Serviciului de Protec\u021bie \u0219i Paz\u0103 la misiunea de protec\u021bie a reprezentantului special al secretarului general, \u0219eful Misiunii ONU Integrat\u0103 de Stabilizare Multidimensional\u0103 din Republica Centrafrican\u0103 (MINUSCA).<br \/>\nPotrivit pre\u0219edintelui Iohannis, \u00een prezent, ca urmare a solicit\u0103rii secretarului ONU, Rom\u00e2nia particip\u0103 cu echipe de protec\u021bie formate din personal militar din cadrul SPP la misiuni organizate sub egida ONU \u00een Sudan \u0219i Afganistan.<br \/>\n&#8220;\u00cen temeiul art. 7, alin. 1 din Legea nr. 121\/2011 privind participarea for\u021belor armate la misiuni \u0219i opera\u021bii \u00een afara teritoriului statului rom\u00e2n, am aprobat propunerea prim-ministrului Guvernului Rom\u00e2niei referitoare la executarea misiunii de protec\u021bie a reprezentantului special al Secretarului General, \u0219eful Misiunii ONU Integrat\u0103 de Stabilizare Multidimensional\u0103 din Republica Centrafrican\u0103 (MINUSCA) de c\u0103tre o echip\u0103 a SPP format\u0103 din 12 militari, pentru o perioad\u0103 ini\u021bial\u0103 de trei luni, cu o posibil\u0103 prelungire de \u00eenc\u0103 \u0219ase luni&#8221;, se arat\u0103 \u00een scrisoarea \u00eenaintat\u0103 Parlamentului de \u0219eful statului.<br \/>\nPre\u0219edintele Klaus Iohannis precizeaz\u0103 faptul c\u0103 fondurile financiare necesare particip\u0103rii Rom\u00e2niei la aceast\u0103 misiune sunt asigurate de ONU, Serviciul de Protec\u021bie \u0219i Paz\u0103 urm\u00e2nd s\u0103 suporte cheltuielile aferente drepturilor b\u0103ne\u0219ti din \u021bar\u0103, conform legisla\u021biei \u00een vigoare.<br \/>\n&#8220;Participarea la aceste misiuni reprezint\u0103 pentru \u021bara noastr\u0103 o nou\u0103 confirmare a rolului s\u0103u de furnizor de securitate, av\u00e2nd, totodat\u0103, ca efecte benefice dezvoltarea rela\u021biilor de cooperare \u00eentre Rom\u00e2nia \u0219i statele membre ale ONU participante la misiuni de men\u021binere a p\u0103cii&#8221;, mai precizeaz\u0103 pre\u0219edintele \u00een documentul citat.<\/p>\n<p>Sursa: agerpres.ro<\/p><\/div>\n<p> Source URL: https:\/\/observatornews.ro\/politic\/senatul-informat-de-iohannis-cu-privire-la-participarea-romaniei-intro-misiune-onu-166948.html<\/p>\n","protected":false},"excerpt":{"rendered":"<p>Senatul a luat act, miercuri, de informarea pre\u0219edintelui Klaus Iohannis cu privire la participarea Rom\u00e2niei cu o echip\u0103 a Serviciului de Protec\u021bie \u0219i Paz\u0103 la misiunea de protec\u021bie a reprezentantului special al secretarului general, \u0219eful Misiunii ONU Integrat\u0103 de Stabilizare Multidimensional\u0103 din Republica Centrafrican\u0103 (MINUSCA). \u00a0Senatul a luat act, miercuri, de informarea pre\u0219edintelui Klaus Iohannis [&hellip;]<\/p>\n","protected":false},"author":1,"featured_media":373736,"comment_status":"open","ping_status":"","sticky":false,"template":"","format":"standard","meta":{"footnotes":""},"categories":[2],"tags":[30],"class_list":["post-373735","post","type-post","status-publish","format-standard","has-post-thumbnail","hentry","category-politics","tag-observatornews-ro"],"_links":{"self":[{"href":"https:\/\/analyse.optim.biz\/index.php?rest_route=\/wp\/v2\/posts\/373735","targetHints":{"allow":["GET"]}}],"collection":[{"href":"https:\/\/analyse.optim.biz\/index.php?rest_route=\/wp\/v2\/posts"}],"about":[{"href":"https:\/\/analyse.optim.biz\/index.php?rest_route=\/wp\/v2\/types\/post"}],"author":[{"embeddable":true,"href":"https:\/\/analyse.optim.biz\/index.php?rest_route=\/wp\/v2\/users\/1"}],"replies":[{"embeddable":true,"href":"https:\/\/analyse.optim.biz\/index.php?rest_route=%2Fwp%2Fv2%2Fcomments&post=373735"}],"version-history":[{"count":0,"href":"https:\/\/analyse.optim.biz\/index.php?rest_route=\/wp\/v2\/posts\/373735\/revisions"}],"wp:featuredmedia":[{"embeddable":true,"href":"https:\/\/analyse.optim.biz\/index.php?rest_route=\/wp\/v2\/media\/373736"}],"wp:attachment":[{"href":"https:\/\/analyse.optim.biz\/index.php?rest_route=%2Fwp%2Fv2%2Fmedia&parent=373735"}],"wp:term":[{"taxonomy":"category","embeddable":true,"href":"https:\/\/analyse.optim.biz\/index.php?rest_route=%2Fwp%2Fv2%2Fcategories&post=373735"},{"taxonomy":"post_tag","embeddable":true,"href":"https:\/\/analyse.optim.biz\/index.php?rest_route=%2Fwp%2Fv2%2Ftags&post=373735"}],"curies":[{"name":"wp","href":"https:\/\/api.w.org\/{rel}","templated":true}]}}