{"id":373679,"date":"2015-11-19T07:18:00","date_gmt":"2015-11-19T04:18:00","guid":{"rendered":"https:\/\/analyse.optim.biz\/?p=373679"},"modified":"2015-11-19T07:18:00","modified_gmt":"2015-11-19T04:18:00","slug":"romania-clarifica-in-ce-conditii-poate-acorda-republicii-moldova-imprumutul-de-150-de-milioane-de-euro","status":"publish","type":"post","link":"https:\/\/analyse.optim.biz\/?p=373679","title":{"rendered":"Rom\u00e2nia clarific\u0103 \u00een ce condi\u021bii poate acorda Republicii Moldova \u00eemprumutul de 150 de milioane de euro"},"content":{"rendered":"<div class=\"description\" data-key=\"description\">Rom\u00e2nia a\u0219teapt\u0103 crearea unei coali\u021bii de guvernare de orientare proeuropean\u0103 la Chi\u0219in\u0103u \u0219i a unui guvern solid care s\u0103 poat\u0103 gestiona banii promi\u0219i de Bucure\u0219ti pentru procesul de modernizare al Republicii Moldova, a declarat miercuri ambasadorului Rom\u00e2niei la Chi\u0219in\u0103u, Marius Lazurca, citat de Radio Chi\u0219in\u0103u.<\/div>\n<div class=\"articleBody\" data-key=\"articleBody\">\u00a0Rom\u00e2nia a\u0219teapt\u0103 crearea unei coali\u021bii de guvernare de orientare proeuropean\u0103 la Chi\u0219in\u0103u \u0219i a unui guvern solid care s\u0103 poat\u0103 gestiona banii promi\u0219i de Bucure\u0219ti pentru procesul de modernizare al Republicii Moldova, a declarat miercuri ambasadorului Rom\u00e2niei la Chi\u0219in\u0103u, Marius Lazurca, citat de Radio Chi\u0219in\u0103u.<br \/>\nAutorit\u0103\u021bile de la Bucure\u0219ti au nevoie de un interlocutor solid \u0219i responsabil \u00een Republica Moldova, astfel \u00eenc\u00e2t acest \u00eemprumut s\u0103 \u00ee\u0219i poat\u0103 atinge obiectivele, a afirmat diplomatul rom\u00e2n.<br \/>\n&#8216;A\u0219tept\u0103m ca situa\u021bia politic\u0103 din Republica Moldova s\u0103 se limpezeasc\u0103 \u0219i s\u0103 fie creat\u0103 o coali\u021bie proeuropean\u0103 \u00een Parlamentul de la Chi\u0219in\u0103u care s\u0103 promoveze un guvern solid \u0219i responsabil. \u00cemprumutul de 150 de milioane de euro are o destina\u021bie foarte precis\u0103: s\u0103 ajute un guvern, nu un guvern \u00een exerci\u021biu, sau unul interimar, ci un guvern \u00een depline puteri s\u0103 duc\u0103 mai departe programul de modernizare \u0219i de reform\u0103 \u00eenscris \u00een Acordul de Asociere&#8217;, a declarat Marius Lazurca.<br \/>\nRecent pre\u0219edintele Rom\u00e2niei, Klaus Iohannis, a oprit acordarea \u00eemprumutului de 150 de milioane de euro ca urmare a instabilit\u0103\u021bii politice din Republica Moldova, dup\u0103 ce guvernul proeuropean al liberal-democratului Valeriu Strele\u021b a fost demis prin mo\u021biune de cenzur\u0103 de c\u0103tre parlament, la ini\u021biativa opozi\u021biei proruse de st\u00e2nga, cu sprijinul Partidului Democrat care f\u0103cea parte chiar din acel guvern.<br \/>\nComisarul european pentru extindere \u0219i politic\u0103 de vecin\u0103tate, Johannes Hahn, a avertizat \u00een urm\u0103 cu dou\u0103 zile Chi\u0219in\u0103ul c\u0103 viitorul guvern va trebui s\u0103 accelereze reformele, subliniind c\u0103 Republica Moldova are nevoie urgent\u0103 de o &#8216;resetare&#8217;.<br \/>\n&#8216;Republica Moldova are nevoie de o &#8216;resetare&#8217;, care ar fi un semn clar c\u0103 politicienii de la Chi\u0219in\u0103u au \u00een\u021belepciunea \u0219i determinarea s\u0103 fac\u0103 un pas \u00een spate \u0219i s\u0103 lase t\u00e2n\u0103ra genera\u021bie \u00een fa\u021b\u0103. Este timpul s\u0103 v\u0103 rupe\u021bi de trecut \u0219i s\u0103 se formeze o nou\u0103 echip\u0103 de elite&#8217;, a declarat Johannes Hahn, la \u00eent\u00e2lnirea cu pre\u0219edintele parlamentului moldovean, Andrian Candu.<br \/>\nCandu a \u00eentreprins o vizit\u0103 oficial\u0103 la Bruxelles \u00een contextul \u00eemplinirii unui an de la ratificarea de c\u0103tre Parlamentul European a Acordului de Asociere Uniunea European\u0103 \u2014 Republica Moldova.<\/p>\n<p>Sursa: agerpres.ro<\/p><\/div>\n<p> Source URL: https:\/\/observatornews.ro\/politic\/romania-clarifica-in-ce-condiii-poate-acorda-republicii-moldova-imprumutul-de-150-de-milioane-de-euro-167042.html<\/p>\n","protected":false},"excerpt":{"rendered":"<p>Rom\u00e2nia a\u0219teapt\u0103 crearea unei coali\u021bii de guvernare de orientare proeuropean\u0103 la Chi\u0219in\u0103u \u0219i a unui guvern solid care s\u0103 poat\u0103 gestiona banii promi\u0219i de Bucure\u0219ti pentru procesul de modernizare al Republicii Moldova, a declarat miercuri ambasadorului Rom\u00e2niei la Chi\u0219in\u0103u, Marius Lazurca, citat de Radio Chi\u0219in\u0103u. \u00a0Rom\u00e2nia a\u0219teapt\u0103 crearea unei coali\u021bii de guvernare de orientare proeuropean\u0103 [&hellip;]<\/p>\n","protected":false},"author":1,"featured_media":0,"comment_status":"open","ping_status":"","sticky":false,"template":"","format":"standard","meta":{"footnotes":""},"categories":[2],"tags":[30],"class_list":["post-373679","post","type-post","status-publish","format-standard","hentry","category-politics","tag-observatornews-ro"],"_links":{"self":[{"href":"https:\/\/analyse.optim.biz\/index.php?rest_route=\/wp\/v2\/posts\/373679","targetHints":{"allow":["GET"]}}],"collection":[{"href":"https:\/\/analyse.optim.biz\/index.php?rest_route=\/wp\/v2\/posts"}],"about":[{"href":"https:\/\/analyse.optim.biz\/index.php?rest_route=\/wp\/v2\/types\/post"}],"author":[{"embeddable":true,"href":"https:\/\/analyse.optim.biz\/index.php?rest_route=\/wp\/v2\/users\/1"}],"replies":[{"embeddable":true,"href":"https:\/\/analyse.optim.biz\/index.php?rest_route=%2Fwp%2Fv2%2Fcomments&post=373679"}],"version-history":[{"count":0,"href":"https:\/\/analyse.optim.biz\/index.php?rest_route=\/wp\/v2\/posts\/373679\/revisions"}],"wp:attachment":[{"href":"https:\/\/analyse.optim.biz\/index.php?rest_route=%2Fwp%2Fv2%2Fmedia&parent=373679"}],"wp:term":[{"taxonomy":"category","embeddable":true,"href":"https:\/\/analyse.optim.biz\/index.php?rest_route=%2Fwp%2Fv2%2Fcategories&post=373679"},{"taxonomy":"post_tag","embeddable":true,"href":"https:\/\/analyse.optim.biz\/index.php?rest_route=%2Fwp%2Fv2%2Ftags&post=373679"}],"curies":[{"name":"wp","href":"https:\/\/api.w.org\/{rel}","templated":true}]}}