{"id":373095,"date":"2015-12-04T12:43:00","date_gmt":"2015-12-04T09:43:00","guid":{"rendered":"https:\/\/analyse.optim.biz\/?p=373095"},"modified":"2015-12-04T12:43:00","modified_gmt":"2015-12-04T09:43:00","slug":"update-dan-sova-in-arest-la-domiciliu","status":"publish","type":"post","link":"https:\/\/analyse.optim.biz\/?p=373095","title":{"rendered":"UPDATE. Dan \u0218ova, \u00een arest la domiciliu"},"content":{"rendered":"<div class=\"description\" data-key=\"description\">\u00cenalta Curte de Casa\u021bie \u0219i Justi\u021bie a decis vineri ca senatorul Dan \u0218ova s\u0103 fie plasat \u00een arest la domiciliu<\/div>\n<div class=\"articleBody\" data-key=\"articleBody\">\u00cenalta Curte de Casa\u021bie \u0219i Justi\u021bie a decis vineri ca senatorul Dan \u0218ova s\u0103 fie plasat \u00een arest la domiciliu, \u00een dosarul \u00een care este acuzat de trafic de influen\u021b\u0103 \u00een leg\u0103tur\u0103 cu un contract de asisten\u021b\u0103 juridic\u0103 de la CET Govora.<\/p>\n<p>UPDATE 14:20\u00a0Judec\u0103torii de la instan\u021ba suprem\u0103 au respins cererea DNA de arestare preventiv\u0103 a lui Dan \u0218ova, urm\u00e2nd ca el s\u0103 stea \u00een arest la domiciliu.<br \/>\nDecizia nu este definitiv\u0103, iar DNA poate face contesta\u021bie.<br \/>\nDan \u0218ova a fost adus \u00een sala de judecat\u0103 la citirea deciziei, el fiind scos cu c\u0103tu\u0219ele la m\u00e2ini \u0219i dus la arestul Poli\u021biei Capitalei, de unde va fi eliberat \u00een jurul orei 16,00, la expirarea ordonan\u021bei de re\u021binere.<br \/>\n\u0218TIREA INI\u021aIAL\u0102:<br \/>\nSenatorul Dan \u0218ova a fost adus vineri diminea\u021b\u0103 la sediul \u00cenaltei Cur\u021bi de Casa\u021bie \u0219i Justi\u021bie, unde se va judeca cererea DNA privind arestarea preventiv\u0103 pentru 30 de zile \u00een dosarul \u00een care este acuzat de trafic de influen\u021b\u0103 \u00een leg\u0103tur\u0103 cu un contract de asisten\u021b\u0103 juridic\u0103 de la CET Govora.<\/p>\n<p>Dan \u0218ova \u0219i-a petrecut noaptea \u00een arestul Poli\u021biei Capitalei, dup\u0103 ce a fost re\u021binut joi de procurori pentru 24 de ore.<br \/>\nPotrivit DNA, \u00een perioada octombrie 2011 \u2014 iulie 2014, Dan \u0218ova a pretins sume de bani \u0219i a primit \u00een total 100.000 de euro de la o persoan\u0103 denun\u021b\u0103toare, \u00een schimbul trafic\u0103rii influen\u021bei sale reale pe care o avea pe l\u00e2ng\u0103 directorul general al CET Govora SA, Mihai B\u0103lan, astfel \u00eenc\u00e2t acesta din urm\u0103 s\u0103 asigure \u00eencheierea unui contract de asisten\u021b\u0103 juridic\u0103 cu o anumit\u0103 societate de avocatur\u0103, contract de tip abonament lunar, la o valoare de 10.000 euro\/lun\u0103.<br \/>\n&#8220;Concret, Dan \u0218ova i-a spus persoanei denun\u021b\u0103toare c\u0103 \u00eei poate asigura \u00eencheierea unui contract de asisten\u021b\u0103 juridic\u0103 cu CET Govora SA, de tip abonament lunar, uzitat la acea vreme, iar valoarea contractului va fi \u00een cuantum de 10.000 euro\/lun\u0103. \u00cen schimbul acestui serviciu, \u0218ova a pretins de la persoana denun\u021b\u0103toare suma de 5.000 euro pentru fiecare lun\u0103 pe perioada execut\u0103rii contractului, adic\u0103 jum\u0103tate din valoarea lunar\u0103 a viitorului contract de asisten\u021b\u0103 juridic\u0103 ce urma s\u0103 se \u00eencheie \u00eentre CET Govora \u0219i casa de avocatur\u0103 respectiv\u0103&#8221;, sus\u021bin procurorii.<br \/>\nDNA precizeaz\u0103 c\u0103, \u00een decembrie 2011, \u00eentre CET Govora, reprezentat\u0103 de Mihai B\u0103lan \u00een calitate de director general, \u0219i societatea de avocatur\u0103 s-a \u00eencheiat contractul de asisten\u021b\u0103 juridic\u0103, onorariul stabilit fiind de 10.000 euro\/lun\u0103.<br \/>\nContractul s-a \u00eencheiat pe o perioad\u0103 de un an, iar obiectul acestuia se referea la activit\u0103\u021bi juridice pentru litigiile \u00een care parte era CET Govora.<br \/>\n&#8220;\u00cen perioada decembrie 2011 \u2014 decembrie 2012, societatea de avoca\u021bi a emis lunar c\u0103tre CET Govora facturi pentru activit\u0103\u021bile de asisten\u021b\u0103 juridic\u0103 prestate \u00een perioada decembrie 2011 \u2014 decembrie 2012. \u00cen aceea\u0219i perioad\u0103, \u0218ova a \u00eencasat de la societatea de avoca\u021bi suma total\u0103 de 60.000 euro. Banii erau \u00eencasa\u021bi \u00een numerar, \u00een fiecare lun\u0103, prin intermediar, la pu\u021bin timp dup\u0103 ce societatea de avoca\u021bi \u00eencasa banii de la CET Govora. \u00cen decembrie 2012, contractul de asisten\u021b\u0103 juridic\u0103 s-a \u00eencheiat prin ajungere la termen. La acea vreme, B\u0103lan nu mai ocupa func\u021bia de director general al CET. \u00cen martie 2013, Mihai B\u0103lan a revenit \u00een func\u021bia de director general al CET Govora&#8221;, explic\u0103 anchetatorii.<br \/>\nDe asemenea, \u00een mai 2013, \u00eentre CET Govora reprezentat\u0103 de B\u0103lan \u0219i aceea\u0219i societate de avocatur\u0103 s-a \u00eencheiat un nou contract de asisten\u021b\u0103 juridic\u0103, onorariul stabilit fiind de 10.000 euro\/lun\u0103.<br \/>\n&#8220;Contractul s-a \u00eencheiat pe o perioad\u0103 de un an, iar obiectul acestuia se referea la activit\u0103\u021bi juridice pentru litigiile \u00een care parte era CET Govora. \u00cen perioada contractual\u0103, Dan \u0218ova a \u00eencasat comisionul pentru 40.000 euro. Cercet\u0103rile efectuate \u00een cauz\u0103 au eviden\u021biat faptul c\u0103 cea mai mare parte a banilor primi\u021bi de \u0218ova au fost orienta\u021bi \u00een mod direct c\u0103tre stingerea unei datorii provenite din obliga\u021biile inculpatului de cump\u0103r\u0103tor al unui imobil situat \u00een Bucure\u0219ti&#8221;, au mai re\u021binut anchetatorii.<br \/>\nProcurorii au constatat c\u0103 Mihai B\u0103lan a \u00eencheiat dou\u0103 contracte cu societatea de avoca\u021bi \u0219i, \u00een perioada ianuarie 2012 \u2014 august 2014, a avizat din partea CET pl\u0103\u021bile efectuate \u00een baza acestora, cu \u00eenc\u0103lcarea dispozi\u021biilor legale, conduit\u0103 care a condus la v\u0103t\u0103marea intereselor legale ale societ\u0103\u021bii de stat, produc\u00e2nd o pagub\u0103 patrimoniului de peste 1,3 milioane lei.\u00a0<\/p><\/div>\n<p> Source URL: https:\/\/observatornews.ro\/politic\/dan-ova-adus-la-sediul-iccj-168420.html<\/p>\n","protected":false},"excerpt":{"rendered":"<p>\u00cenalta Curte de Casa\u021bie \u0219i Justi\u021bie a decis vineri ca senatorul Dan \u0218ova s\u0103 fie plasat \u00een arest la domiciliu \u00cenalta Curte de Casa\u021bie \u0219i Justi\u021bie a decis vineri ca senatorul Dan \u0218ova s\u0103 fie plasat \u00een arest la domiciliu, \u00een dosarul \u00een care este acuzat de trafic de influen\u021b\u0103 \u00een leg\u0103tur\u0103 cu un contract [&hellip;]<\/p>\n","protected":false},"author":1,"featured_media":0,"comment_status":"open","ping_status":"","sticky":false,"template":"","format":"standard","meta":{"footnotes":""},"categories":[2],"tags":[30],"class_list":["post-373095","post","type-post","status-publish","format-standard","hentry","category-politics","tag-observatornews-ro"],"_links":{"self":[{"href":"https:\/\/analyse.optim.biz\/index.php?rest_route=\/wp\/v2\/posts\/373095","targetHints":{"allow":["GET"]}}],"collection":[{"href":"https:\/\/analyse.optim.biz\/index.php?rest_route=\/wp\/v2\/posts"}],"about":[{"href":"https:\/\/analyse.optim.biz\/index.php?rest_route=\/wp\/v2\/types\/post"}],"author":[{"embeddable":true,"href":"https:\/\/analyse.optim.biz\/index.php?rest_route=\/wp\/v2\/users\/1"}],"replies":[{"embeddable":true,"href":"https:\/\/analyse.optim.biz\/index.php?rest_route=%2Fwp%2Fv2%2Fcomments&post=373095"}],"version-history":[{"count":0,"href":"https:\/\/analyse.optim.biz\/index.php?rest_route=\/wp\/v2\/posts\/373095\/revisions"}],"wp:attachment":[{"href":"https:\/\/analyse.optim.biz\/index.php?rest_route=%2Fwp%2Fv2%2Fmedia&parent=373095"}],"wp:term":[{"taxonomy":"category","embeddable":true,"href":"https:\/\/analyse.optim.biz\/index.php?rest_route=%2Fwp%2Fv2%2Fcategories&post=373095"},{"taxonomy":"post_tag","embeddable":true,"href":"https:\/\/analyse.optim.biz\/index.php?rest_route=%2Fwp%2Fv2%2Ftags&post=373095"}],"curies":[{"name":"wp","href":"https:\/\/api.w.org\/{rel}","templated":true}]}}