{"id":373094,"date":"2015-12-04T13:12:00","date_gmt":"2015-12-04T10:12:00","guid":{"rendered":"https:\/\/analyse.optim.biz\/?p=373094"},"modified":"2015-12-04T13:12:00","modified_gmt":"2015-12-04T10:12:00","slug":"presedintele-iohannis-a-participat-alaturi-de-mai-multi-copii-la-o-ora-de-programare","status":"publish","type":"post","link":"https:\/\/analyse.optim.biz\/?p=373094","title":{"rendered":"Pre\u0219edintele Iohannis a participat, al\u0103turi de mai mul\u021bi copii, la o or\u0103 de programare"},"content":{"rendered":"<div class=\"description\" data-key=\"description\">Pre\u0219edintele Klaus Iohannis a participat vineri, al\u0103turi de 23 de copii, la o or\u0103 de programare \u00een cadrul campaniei Hour of Code 2015.<\/div>\n<div class=\"articleBody\" data-key=\"articleBody\">Pre\u0219edintele Klaus Iohannis a participat vineri, al\u0103turi de 23 de copii, la o or\u0103 de programare \u00een cadrul campaniei Hour of Code 2015.<\/p>\n<p>&#8220;Sunt foarte mul\u021bumit c\u0103 a\u021bi venit ast\u0103zi \u0219i \u00eemi place ce a\u021bi lucrat fiecare dintre voi&#8221;, le-a spus pre\u0219edintele Iohannis copiilor care au participat la eveniment.<br \/>\n\u0218eful statului a mers la copiii participan\u021bi la eveniment \u0219i s-a interesat ce lucreaz\u0103 ace\u0219tia pe computer.<br \/>\n&#8220;Dar de ce ne trebuie toate comenzile acestea?&#8221;, l-a \u00eentrebat \u0219eful statului pe un mic programator. &#8220;Ca s\u0103 facem jocul s\u0103 mearg\u0103&#8221;, i-a r\u0103spuns copilul.<br \/>\nIar pre\u0219edintele a continuat s\u0103-i provoace pe micu\u021bi. &#8220;Aici totul merge bine?&#8221;, a \u00eentrebat pre\u0219edintele Iohannis un alt copil. &#8220;Eu trebuie s\u0103 programez ca s\u0103 planteze frunzuli\u021be&#8221;, a spus o feti\u021b\u0103, \u0219eful statului ar\u0103t\u00e2nd c\u0103-i place ceea ce face aceasta.<br \/>\nCopiii care au participat la aceast\u0103 campanie organizat\u0103 la Palatul Cotroceni au v\u00e2rste cuprinse \u00eentre 5 \u0219i 14 ani.<br \/>\n&#8220;Prin organizarea acestui eveniment \u0219i sus\u021binerea campaniei Hour of Code 2015, pre\u0219edintele Rom\u00e2niei dore\u0219te s\u0103 readuc\u0103 \u00een aten\u021bia opiniei publice importan\u021ba competen\u021belor digitale \u0219i a investi\u021biei \u00een dezvoltarea abilit\u0103\u021bilor de programare ale copiilor, dar \u0219i ale adul\u021bilor, \u00een procesul de \u00eenv\u0103\u021bare pe tot parcursul vie\u021bii&#8221;, arat\u0103 Administra\u021bia Preziden\u021bial\u0103, \u00eentr-un comunicat.<br \/>\nTutorialele urmate de copiii prezen\u021bi la Palatul Cotroceni sunt disponibile pe site-ul oficial: ro.code.org.<br \/>\n&#8220;Acestea demonstreaz\u0103 c\u0103 programarea reprezint\u0103 o \u00eembinare \u00eentre logic\u0103 \u0219i matematic\u0103, \u00eentre munc\u0103 \u0219i perseveren\u021b\u0103, fiind accesibil\u0103 chiar \u0219i la v\u00e2rste mici. Performan\u021ba Rom\u00e2niei \u00een domeniul IT a dovedit f\u0103r\u0103 echivoc nevoia de a stimula talentul nativ \u00een acest domeniu \u00een \u021bara noastr\u0103&#8221;, mai precizeaz\u0103 sursa citat\u0103.<br \/>\nHour of Code Rom\u00e2nia este un eveniment organizat de Asocia\u021bia ADFABER, care, \u00een 2014, a reu\u0219it s\u0103 implice peste 400.000 de rom\u00e2ni \u00een activit\u0103\u021bi de programare.\u00a0<\/p><\/div>\n<p> Source URL: https:\/\/observatornews.ro\/politic\/preedintele-iohannis-a-participat-alaturi-de-mai-muli-copii-la-o-ora-de-programare-168445.html<\/p>\n","protected":false},"excerpt":{"rendered":"<p>Pre\u0219edintele Klaus Iohannis a participat vineri, al\u0103turi de 23 de copii, la o or\u0103 de programare \u00een cadrul campaniei Hour of Code 2015. Pre\u0219edintele Klaus Iohannis a participat vineri, al\u0103turi de 23 de copii, la o or\u0103 de programare \u00een cadrul campaniei Hour of Code 2015. &#8220;Sunt foarte mul\u021bumit c\u0103 a\u021bi venit ast\u0103zi \u0219i \u00eemi [&hellip;]<\/p>\n","protected":false},"author":1,"featured_media":0,"comment_status":"open","ping_status":"","sticky":false,"template":"","format":"standard","meta":{"footnotes":""},"categories":[2],"tags":[30],"class_list":["post-373094","post","type-post","status-publish","format-standard","hentry","category-politics","tag-observatornews-ro"],"_links":{"self":[{"href":"https:\/\/analyse.optim.biz\/index.php?rest_route=\/wp\/v2\/posts\/373094","targetHints":{"allow":["GET"]}}],"collection":[{"href":"https:\/\/analyse.optim.biz\/index.php?rest_route=\/wp\/v2\/posts"}],"about":[{"href":"https:\/\/analyse.optim.biz\/index.php?rest_route=\/wp\/v2\/types\/post"}],"author":[{"embeddable":true,"href":"https:\/\/analyse.optim.biz\/index.php?rest_route=\/wp\/v2\/users\/1"}],"replies":[{"embeddable":true,"href":"https:\/\/analyse.optim.biz\/index.php?rest_route=%2Fwp%2Fv2%2Fcomments&post=373094"}],"version-history":[{"count":0,"href":"https:\/\/analyse.optim.biz\/index.php?rest_route=\/wp\/v2\/posts\/373094\/revisions"}],"wp:attachment":[{"href":"https:\/\/analyse.optim.biz\/index.php?rest_route=%2Fwp%2Fv2%2Fmedia&parent=373094"}],"wp:term":[{"taxonomy":"category","embeddable":true,"href":"https:\/\/analyse.optim.biz\/index.php?rest_route=%2Fwp%2Fv2%2Fcategories&post=373094"},{"taxonomy":"post_tag","embeddable":true,"href":"https:\/\/analyse.optim.biz\/index.php?rest_route=%2Fwp%2Fv2%2Ftags&post=373094"}],"curies":[{"name":"wp","href":"https:\/\/api.w.org\/{rel}","templated":true}]}}