{"id":373093,"date":"2015-12-04T13:47:00","date_gmt":"2015-12-04T10:47:00","guid":{"rendered":"https:\/\/analyse.optim.biz\/?p=373093"},"modified":"2015-12-04T13:47:00","modified_gmt":"2015-12-04T10:47:00","slug":"instanta-confirma-redeschiderea-urmaririi-penale-a-lui-traian-basescu","status":"publish","type":"post","link":"https:\/\/analyse.optim.biz\/?p=373093","title":{"rendered":"Instan\u0163a confirm\u0103 redeschiderea urm\u0103ririi penale a lui Traian B\u0103sescu"},"content":{"rendered":"<div class=\"description\" data-key=\"description\">Judec\u0103toria Sectorului 5 a confirmat redeschiderea urm\u0103ririi penale \u00een cazul lui Traian B\u0103sescu, \u00een dosarul \u00een care un b\u0103rbat din Craiova l-a reclamat pe fostul pre\u015fedinte c\u0103 \u00een 2007 a afirmat c\u0103 va demisiona \u00een cinci minute \u015fi nu s-a \u0163inut de cuv\u00e2nt<\/div>\n<div class=\"articleBody\" data-key=\"articleBody\">Judec\u0103toria Sectorului 5 a confirmat redeschiderea urm\u0103ririi penale \u00een cazul lui Traian B\u0103sescu, \u00een dosarul \u00een care un b\u0103rbat din Craiova l-a reclamat pe fostul pre\u015fedinte c\u0103 \u00een 2007 a afirmat c\u0103 va demisiona \u00een cinci minute \u015fi nu s-a \u0163inut de cuv\u00e2nt.<\/p>\n<p>Instan\u0163a confirm\u0103 redeschiderea urm\u0103ririi penale a lui Traian B\u0103sescu \u00eentr-un nou dosar (Imagine: Octav Ganea\/Mediafax Foto)<br \/>\nInstan\u0163a a constatat c\u0103 este legal\u0103 \u015fi temeinic\u0103 ordonan\u0163a procurorilor Parchetului \u00cenaltei Cur\u0163i de Casa\u0163ie \u015fi Justi\u0163ie \u015fi a confirmat redeschiderea urm\u0103ririi penale \u00een cazul fostului pre\u015fedinte Traian B\u0103sescu.<br \/>\nDecizia Judec\u0103toriei Sectorului 5 este definitiv\u0103.<br \/>\nDosarul a ajuns la Judec\u0103toria Sectorului 5 dup\u0103 ce, \u00een 9 octombrie, \u00cenalta Curte de Casa\u0163ie \u015fi Justi\u0163ie, a stabilit c\u0103 Judec\u0103toria este competent\u0103 s\u0103 analizeze \u015fi s\u0103 dea o solu\u0163ie cererii Parchetul instan\u0163ei supreme de confirmare a redeschiderii urm\u0103ririi penale \u00een dosarul \u00een care un b\u0103rbat din Craiova l-a reclamat pe fostul pre\u015fedinte Traian B\u0103sescu c\u0103 nu \u015fi-a \u0163inut promisiunea de a demisiona, a\u015fa cum afirmase.<\/p>\n<p>&#8220;A fost o declara\u0163ie verbal\u0103 asupra c\u0103reia am revenit imediat dup\u0103 votul dat \u00een Parlament (&#8230;) Parchetul \u00eemi face un program extrem de alert. Nu este o fericire, dar m\u0103 voi supune oric\u0103rei chem\u0103ri&#8221;, declara Traian B\u0103sescu, \u00een octombrie, la ICCJ.<br \/>\nTot Judec\u0103toria Sectorului 5 a confirmat, la sf\u00e2r\u015fitul lunii octombrie, redeschiderea, de c\u0103tre PICCJ, a urm\u0103ririi penale \u00een cazul lui Traian B\u0103sescu, \u00een dosarul \u00een care Corneliu Vadim Tudor a depus pe numele fostului pre\u015fedinte, \u00een 25 noiembrie 2009, o pl\u00e2ngere privind jurnali\u015ftii r\u0103pi\u0163i \u00een Irak. Corneliu Vadim Tudor a decedat \u00een 14 septembrie 2015.<br \/>\nInstan\u0163a a mai constatat atunci c\u0103 a r\u0103mas f\u0103r\u0103 obiect cererea de redeschidere a urm\u0103ririi penale pentru Vasile Blaga, \u00een urma denun\u0163ului formulat de Corneliu Vadim Tudor \u00een 25 noiembrie 2009. Acesta sus\u0163inea c\u0103 fostul pre\u015fedinte Traian B\u0103sescu \u015fi copre\u015fedintele PNL Vasile Blaga se fac vinova\u0163i de dispari\u0163ia a patru milioane de dolari din r\u0103scump\u0103rarea pl\u0103tit\u0103 de statul rom\u00e2n pentru eliberarea celor trei jurnali\u015fti rom\u00e2ni. \u00cen cazul lui Vasile Blaga, ancheta a fost \u00eenchis\u0103 \u00een 2010, printr-o decizie de ne\u00eencepere a urm\u0103ririi penale. Fa\u0163\u0103 de Traian B\u0103sescu, \u00eens\u0103, nu s-a putut lua atunci o decizie deoarece acesta se bucura de imunitatea func\u0163iei de pre\u015fedinte al Rom\u00e2niei.<br \/>\nInstan\u0163a a confirmat redeschiderea urm\u0103ririi \u00een cazul lui Traian B\u0103sescu \u015fi \u00een alte dosare, printre acestea fiind cel privind modul \u00een care a ob\u0163inut, \u00een perioada \u00een care era primar al Capitalei, casa din strada Mih\u0103ileanu.<br \/>\nTraian B\u0103sescu spunea c\u0103 se a\u015fteapt\u0103 ca pe numele s\u0103u s\u0103 fie deschise 60-80 de dosare penale, sus\u0163in\u00e2nd c\u0103, atunci c\u00e2nd \u015fi-a terminat mandatul de primar, \u00eempotriva sa erau depuse 700 de pl\u00e2ngeri de c\u0103tre chiria\u015fi ai unor imobile na\u0163ionalizate \u015fi de c\u0103tre &#8220;mici afaceri\u015fti&#8221; c\u0103rora Prim\u0103ria Capitalei, pe care a condus-o \u00een perioada 2000-2004, le-a demolat chio\u015fcurile.\u00a0<\/p><\/div>\n<p> Source URL: https:\/\/observatornews.ro\/politic\/instanta-confirma-redeschiderea-urmaririi-penale-a-lui-traian-basescu-168448.html<\/p>\n","protected":false},"excerpt":{"rendered":"<p>Judec\u0103toria Sectorului 5 a confirmat redeschiderea urm\u0103ririi penale \u00een cazul lui Traian B\u0103sescu, \u00een dosarul \u00een care un b\u0103rbat din Craiova l-a reclamat pe fostul pre\u015fedinte c\u0103 \u00een 2007 a afirmat c\u0103 va demisiona \u00een cinci minute \u015fi nu s-a \u0163inut de cuv\u00e2nt Judec\u0103toria Sectorului 5 a confirmat redeschiderea urm\u0103ririi penale \u00een cazul lui Traian [&hellip;]<\/p>\n","protected":false},"author":1,"featured_media":0,"comment_status":"open","ping_status":"","sticky":false,"template":"","format":"standard","meta":{"footnotes":""},"categories":[2],"tags":[30],"class_list":["post-373093","post","type-post","status-publish","format-standard","hentry","category-politics","tag-observatornews-ro"],"_links":{"self":[{"href":"https:\/\/analyse.optim.biz\/index.php?rest_route=\/wp\/v2\/posts\/373093","targetHints":{"allow":["GET"]}}],"collection":[{"href":"https:\/\/analyse.optim.biz\/index.php?rest_route=\/wp\/v2\/posts"}],"about":[{"href":"https:\/\/analyse.optim.biz\/index.php?rest_route=\/wp\/v2\/types\/post"}],"author":[{"embeddable":true,"href":"https:\/\/analyse.optim.biz\/index.php?rest_route=\/wp\/v2\/users\/1"}],"replies":[{"embeddable":true,"href":"https:\/\/analyse.optim.biz\/index.php?rest_route=%2Fwp%2Fv2%2Fcomments&post=373093"}],"version-history":[{"count":0,"href":"https:\/\/analyse.optim.biz\/index.php?rest_route=\/wp\/v2\/posts\/373093\/revisions"}],"wp:attachment":[{"href":"https:\/\/analyse.optim.biz\/index.php?rest_route=%2Fwp%2Fv2%2Fmedia&parent=373093"}],"wp:term":[{"taxonomy":"category","embeddable":true,"href":"https:\/\/analyse.optim.biz\/index.php?rest_route=%2Fwp%2Fv2%2Fcategories&post=373093"},{"taxonomy":"post_tag","embeddable":true,"href":"https:\/\/analyse.optim.biz\/index.php?rest_route=%2Fwp%2Fv2%2Ftags&post=373093"}],"curies":[{"name":"wp","href":"https:\/\/api.w.org\/{rel}","templated":true}]}}