{"id":373091,"date":"2015-12-04T19:27:00","date_gmt":"2015-12-04T16:27:00","guid":{"rendered":"https:\/\/analyse.optim.biz\/?p=373091"},"modified":"2015-12-04T19:27:00","modified_gmt":"2015-12-04T16:27:00","slug":"cristian-ghinea-numit-consilier-de-stat-pe-afaceri-europene-la-cancelaria-primului-ministru","status":"publish","type":"post","link":"https:\/\/analyse.optim.biz\/?p=373091","title":{"rendered":"Cristian Ghinea, numit consilier de stat pe afaceri europene la Cancelaria primului-ministru"},"content":{"rendered":"<div class=\"description\" data-key=\"description\">Decizia premierului Dacian Ciolo\u0219 privind numirea lui Cristian Ghinea \u00een func\u021bia de consilier de stat \u00een cadrul Cancelariei primului-ministru, cu atribu\u021bii \u00een domeniul afacerilor europene, a fost publicat\u0103, vineri, \u00een Monitorul Oficial.<\/div>\n<div class=\"articleBody\" data-key=\"articleBody\">\u00a0Decizia premierului Dacian Ciolo\u0219 privind numirea lui Cristian Ghinea \u00een func\u021bia de consilier de stat \u00een cadrul Cancelariei primului-ministru, cu atribu\u021bii \u00een domeniul afacerilor europene, a fost publicat\u0103, vineri, \u00een Monitorul Oficial.<br \/>\n&#8220;\u00cen temeiul art.15 lit. c) \u0219i al art.19 din legea nr.90\/2001 privind organizarea \u0219i func\u021bionarea Guvernului Rom\u00e2niei \u0219i a ministerelor, cu modific\u0103rile \u0219i complet\u0103rile ulterioare, primul-ministru emite prezenta decizie: \u00eencep\u00e2nd cu intrarea \u00een vigoare a prezentei decizii, domnul Cristian Ghinea se nume\u0219te \u00een func\u021bia de consilier de stat \u00een cadrul Cancelariei primului-ministru, cu atribu\u021bii \u00een domeniul afacerilor europene&#8221;, se men\u021bioneaz\u0103 \u00een Monitorul Oficial.<br \/>\nCristian Ghinea este membru \u00een consiliul director al Centrului Rom\u00e2n de Politici Europene (CRPE).<\/p>\n<p>Sursa: agerpres.ro<br \/>\nFoto: romaniatv.net<\/p><\/div>\n<p> Source URL: https:\/\/observatornews.ro\/politic\/cristian-ghinea-numit-consilier-de-stat-pe-afaceri-europene-la-cancelaria-primuluiministru-168482.html<\/p>\n","protected":false},"excerpt":{"rendered":"<p>Decizia premierului Dacian Ciolo\u0219 privind numirea lui Cristian Ghinea \u00een func\u021bia de consilier de stat \u00een cadrul Cancelariei primului-ministru, cu atribu\u021bii \u00een domeniul afacerilor europene, a fost publicat\u0103, vineri, \u00een Monitorul Oficial. \u00a0Decizia premierului Dacian Ciolo\u0219 privind numirea lui Cristian Ghinea \u00een func\u021bia de consilier de stat \u00een cadrul Cancelariei primului-ministru, cu atribu\u021bii \u00een domeniul [&hellip;]<\/p>\n","protected":false},"author":1,"featured_media":373092,"comment_status":"open","ping_status":"","sticky":false,"template":"","format":"standard","meta":{"footnotes":""},"categories":[2],"tags":[30],"class_list":["post-373091","post","type-post","status-publish","format-standard","has-post-thumbnail","hentry","category-politics","tag-observatornews-ro"],"_links":{"self":[{"href":"https:\/\/analyse.optim.biz\/index.php?rest_route=\/wp\/v2\/posts\/373091","targetHints":{"allow":["GET"]}}],"collection":[{"href":"https:\/\/analyse.optim.biz\/index.php?rest_route=\/wp\/v2\/posts"}],"about":[{"href":"https:\/\/analyse.optim.biz\/index.php?rest_route=\/wp\/v2\/types\/post"}],"author":[{"embeddable":true,"href":"https:\/\/analyse.optim.biz\/index.php?rest_route=\/wp\/v2\/users\/1"}],"replies":[{"embeddable":true,"href":"https:\/\/analyse.optim.biz\/index.php?rest_route=%2Fwp%2Fv2%2Fcomments&post=373091"}],"version-history":[{"count":0,"href":"https:\/\/analyse.optim.biz\/index.php?rest_route=\/wp\/v2\/posts\/373091\/revisions"}],"wp:featuredmedia":[{"embeddable":true,"href":"https:\/\/analyse.optim.biz\/index.php?rest_route=\/wp\/v2\/media\/373092"}],"wp:attachment":[{"href":"https:\/\/analyse.optim.biz\/index.php?rest_route=%2Fwp%2Fv2%2Fmedia&parent=373091"}],"wp:term":[{"taxonomy":"category","embeddable":true,"href":"https:\/\/analyse.optim.biz\/index.php?rest_route=%2Fwp%2Fv2%2Fcategories&post=373091"},{"taxonomy":"post_tag","embeddable":true,"href":"https:\/\/analyse.optim.biz\/index.php?rest_route=%2Fwp%2Fv2%2Ftags&post=373091"}],"curies":[{"name":"wp","href":"https:\/\/api.w.org\/{rel}","templated":true}]}}