{"id":372889,"date":"2015-12-09T10:56:00","date_gmt":"2015-12-09T07:56:00","guid":{"rendered":"https:\/\/analyse.optim.biz\/?p=372889"},"modified":"2015-12-09T10:56:00","modified_gmt":"2015-12-09T07:56:00","slug":"declaratia-de-avere-a-premierului-dacian-ciolos-un-apartament-si-o-casa-in-bucuresti-o-casa-de-vacanta-si-un-teren-la-cluj","status":"publish","type":"post","link":"https:\/\/analyse.optim.biz\/?p=372889","title":{"rendered":"DECLARA\u0162IA DE AVERE a premierului Dacian Ciolo\u015f: Un apartament \u015fi o cas\u0103 \u00een Bucure\u015fti, o cas\u0103 de vacan\u0163\u0103 \u015fi un teren la Cluj"},"content":{"rendered":"<div class=\"description\" data-key=\"description\">Premierul Dacian Ciolo\u015f \u015fi-a publicat, miercuri, declara\u0163ia de avere, care arat\u0103 c\u0103 are un apartament \u015fi o cas\u0103 \u00een Bucure\u015fti, o cas\u0103 de vacan\u0163\u0103 \u015fi un teren de 10.000 de metri p\u0103tra\u0163i la M\u0103ri\u015fel, \u00een jude\u0163ul Cluj, dar \u015fi peste 60.000 de euro \u00een conturi \u015fi depozite deschise \u00een Fran\u0163a \u015fi \u00een Belgia.<\/div>\n<div class=\"articleBody\" data-key=\"articleBody\">\u00a0Premierul Dacian Ciolo\u015f \u015fi-a publicat, miercuri, declara\u0163ia de avere, care arat\u0103 c\u0103 are un apartament \u015fi o cas\u0103 \u00een Bucure\u015fti, o cas\u0103 de vacan\u0163\u0103 \u015fi un teren de 10.000 de metri p\u0103tra\u0163i la M\u0103ri\u015fel, \u00een jude\u0163ul Cluj, dar \u015fi peste 60.000 de euro \u00een conturi \u015fi depozite deschise \u00een Fran\u0163a \u015fi \u00een Belgia.<br \/>\nPotrivit declara\u0163iei sale de avere, premierul Dacian Ciolo\u015f are un teren intravilan \u00een suprafa\u0163\u0103 de 10.000 de metri p\u0103tra\u0163i cump\u0103rat \u00een 2009 \u00een localitatea M\u0103ri\u015fel din jude\u0163ul Cluj, unde de\u0163ine \u015fi o cas\u0103 de vacan\u0163\u0103 de 98 de metri p\u0103tra\u0163i, construit\u0103 \u00een acest an.<br \/>\nDe asemenea, premierul are, \u00eempreun\u0103 cu so\u0163ia sa, Valerie Ciolo\u015f, un apartament de peste 144 de metri p\u0103tra\u0163i cump\u0103rat \u00een acest an, precum \u015fi o cas\u0103 de 92 de metri p\u0103tra\u0163i cump\u0103rat\u0103 \u00een 2002, ambele locuin\u0163e fiind \u00een Capital\u0103.<br \/>\nPremierul nu de\u0163ine nicio ma\u015fin\u0103 \u015fi nici bijuterii sau obiecte de art\u0103, \u00eens\u0103 a v\u00e2ndut un autoturism Nissan Qashqai \u00een anul 2014, cu suma de 12.500 de euro.<br \/>\nDacian Ciolo\u015f are peste 60.000 de euro \u00een conturi \u015fi depozite bancare deschise \u00een Belgia, la Bruxelles, \u015fi \u00een Fran\u0163a. De asemenea, el are \u015fi 20.447 de lei \u00eentr-un cont deschis \u00een Bucure\u015fti.<br \/>\nLa capitolul venituri, Dacian Ciolo\u015f men\u0163ioneaz\u0103 suma de 132.400 de euro, ob\u0163inut\u0103 ca salariu de la Comisia European\u0103, \u00een primele zece luni ale acestui an. El a \u00eencasat de la Comisia European\u0103 \u015fi o indemniza\u0163ie \u201dtranzitorie\u201d de 16.084 de euro, pe dou\u0103 luni.<br \/>\nMembrii Guvernului Ciolo\u015f au depus jur\u0103m\u00e2ntul de \u00eenvestitur\u0103 \u00een 17 noiembrie.<\/p>\n<p>Sursa: mediafax.ro<\/p><\/div>\n<p> Source URL: https:\/\/observatornews.ro\/politic\/declaratia-de-avere-a-premierului-dacian-ciolos-un-apartament-si-o-casa-in-bucuresti-o-casa-de-vacanta-si-un-teren-la-cluj-168851.html<\/p>\n","protected":false},"excerpt":{"rendered":"<p>Premierul Dacian Ciolo\u015f \u015fi-a publicat, miercuri, declara\u0163ia de avere, care arat\u0103 c\u0103 are un apartament \u015fi o cas\u0103 \u00een Bucure\u015fti, o cas\u0103 de vacan\u0163\u0103 \u015fi un teren de 10.000 de metri p\u0103tra\u0163i la M\u0103ri\u015fel, \u00een jude\u0163ul Cluj, dar \u015fi peste 60.000 de euro \u00een conturi \u015fi depozite deschise \u00een Fran\u0163a \u015fi \u00een Belgia. \u00a0Premierul Dacian [&hellip;]<\/p>\n","protected":false},"author":1,"featured_media":372890,"comment_status":"open","ping_status":"","sticky":false,"template":"","format":"standard","meta":{"footnotes":""},"categories":[2],"tags":[30],"class_list":["post-372889","post","type-post","status-publish","format-standard","has-post-thumbnail","hentry","category-politics","tag-observatornews-ro"],"_links":{"self":[{"href":"https:\/\/analyse.optim.biz\/index.php?rest_route=\/wp\/v2\/posts\/372889","targetHints":{"allow":["GET"]}}],"collection":[{"href":"https:\/\/analyse.optim.biz\/index.php?rest_route=\/wp\/v2\/posts"}],"about":[{"href":"https:\/\/analyse.optim.biz\/index.php?rest_route=\/wp\/v2\/types\/post"}],"author":[{"embeddable":true,"href":"https:\/\/analyse.optim.biz\/index.php?rest_route=\/wp\/v2\/users\/1"}],"replies":[{"embeddable":true,"href":"https:\/\/analyse.optim.biz\/index.php?rest_route=%2Fwp%2Fv2%2Fcomments&post=372889"}],"version-history":[{"count":0,"href":"https:\/\/analyse.optim.biz\/index.php?rest_route=\/wp\/v2\/posts\/372889\/revisions"}],"wp:featuredmedia":[{"embeddable":true,"href":"https:\/\/analyse.optim.biz\/index.php?rest_route=\/wp\/v2\/media\/372890"}],"wp:attachment":[{"href":"https:\/\/analyse.optim.biz\/index.php?rest_route=%2Fwp%2Fv2%2Fmedia&parent=372889"}],"wp:term":[{"taxonomy":"category","embeddable":true,"href":"https:\/\/analyse.optim.biz\/index.php?rest_route=%2Fwp%2Fv2%2Fcategories&post=372889"},{"taxonomy":"post_tag","embeddable":true,"href":"https:\/\/analyse.optim.biz\/index.php?rest_route=%2Fwp%2Fv2%2Ftags&post=372889"}],"curies":[{"name":"wp","href":"https:\/\/api.w.org\/{rel}","templated":true}]}}