{"id":372887,"date":"2015-12-09T12:07:00","date_gmt":"2015-12-09T09:07:00","guid":{"rendered":"https:\/\/analyse.optim.biz\/?p=372887"},"modified":"2015-12-09T12:07:00","modified_gmt":"2015-12-09T09:07:00","slug":"david-cameron-in-vizita-oficiala-in-romania-premierul-marii-britanii-se-intalneste-cu-ciolos-iar-apoi-va-merge-la-palatul-cotroceni","status":"publish","type":"post","link":"https:\/\/analyse.optim.biz\/?p=372887","title":{"rendered":"David Cameron, \u00een vizit\u0103 oficial\u0103 \u00een Rom\u00e2nia. Premierul Marii Britanii se \u00eent\u00e2lne\u015fte cu Ciolo\u015f, iar apoi va merge la Palatul Cotroceni"},"content":{"rendered":"<div class=\"description\" data-key=\"description\">Premierul britanic David Cameron va face miercuri o vizit\u0103 oficial\u0103 \u00een Rom\u00e2nia, urm\u00e2nd s\u0103 se \u00eent\u00e2lneasc\u0103 cu pre\u015fedintele Klaus Iohannis, la Palatul Cotroceni, \u015fi s\u0103 aib\u0103 discu\u0163ii cu premierul Dacian Ciolo\u015f.<\/div>\n<div class=\"articleBody\" data-key=\"articleBody\">\u00a0Premierul britanic David Cameron va face miercuri o vizit\u0103 oficial\u0103 \u00een Rom\u00e2nia, urm\u00e2nd s\u0103 se \u00eent\u00e2lneasc\u0103 cu pre\u015fedintele Klaus Iohannis, la Palatul Cotroceni, \u015fi s\u0103 aib\u0103 discu\u0163ii cu premierul Dacian Ciolo\u015f.<br \/>\nPremierul Marii Britanii David Cameron se va \u00eent\u00e2lni cu \u015feful Executivului, Dacian Ciolo\u015f, miercuri, la Palatul Victoria, la ora 15.30.<br \/>\nPotrivit Administra\u0163iei Preziden\u0163iale, \u00eentrevederea dintre pre\u015fedintele Klaus Iohannis \u015fi premierul britanic va avea loc la ora 16.45, c\u00e2nd David Cameron va fi primit la Palatul Cotroceni.<br \/>\n\u00cen comunicatul transmis mar\u0163i sear\u0103 de c\u0103tre Administra\u0163ia Preziden\u0163ial\u0103 nu se precizeaz\u0103 dac\u0103 Klaus Iohannis va avea \u015fi declara\u0163ii de pres\u0103 cu premierul britanic.<br \/>\nVizita oficial\u0103 a premierului britanic are loc cu pu\u0163in timp \u00eenaintea Consiliului European de iarn\u0103 care are loc la Bruxelles, \u00een perioada 17-18 decembrie, \u015fi \u00een care se va discuta despre problema migran\u0163ilor. S\u0103pt\u0103m\u00e2na trecut\u0103, premierul britanic a f\u0103cut o vizit\u0103 \u015fi \u00een Bulgaria.<br \/>\nSursa: mediafax.ro<\/div>\n<p> Source URL: https:\/\/observatornews.ro\/politic\/david-cameron-in-vizita-oficiala-in-romania-premierul-marii-britanii-se-intalneste-cu-ciolos-la-ora-1530-iar-apoi-va-merge-la-palatul-cotroceni-168865.html<\/p>\n","protected":false},"excerpt":{"rendered":"<p>Premierul britanic David Cameron va face miercuri o vizit\u0103 oficial\u0103 \u00een Rom\u00e2nia, urm\u00e2nd s\u0103 se \u00eent\u00e2lneasc\u0103 cu pre\u015fedintele Klaus Iohannis, la Palatul Cotroceni, \u015fi s\u0103 aib\u0103 discu\u0163ii cu premierul Dacian Ciolo\u015f. \u00a0Premierul britanic David Cameron va face miercuri o vizit\u0103 oficial\u0103 \u00een Rom\u00e2nia, urm\u00e2nd s\u0103 se \u00eent\u00e2lneasc\u0103 cu pre\u015fedintele Klaus Iohannis, la Palatul Cotroceni, \u015fi [&hellip;]<\/p>\n","protected":false},"author":1,"featured_media":372888,"comment_status":"open","ping_status":"","sticky":false,"template":"","format":"standard","meta":{"footnotes":""},"categories":[2],"tags":[30],"class_list":["post-372887","post","type-post","status-publish","format-standard","has-post-thumbnail","hentry","category-politics","tag-observatornews-ro"],"_links":{"self":[{"href":"https:\/\/analyse.optim.biz\/index.php?rest_route=\/wp\/v2\/posts\/372887","targetHints":{"allow":["GET"]}}],"collection":[{"href":"https:\/\/analyse.optim.biz\/index.php?rest_route=\/wp\/v2\/posts"}],"about":[{"href":"https:\/\/analyse.optim.biz\/index.php?rest_route=\/wp\/v2\/types\/post"}],"author":[{"embeddable":true,"href":"https:\/\/analyse.optim.biz\/index.php?rest_route=\/wp\/v2\/users\/1"}],"replies":[{"embeddable":true,"href":"https:\/\/analyse.optim.biz\/index.php?rest_route=%2Fwp%2Fv2%2Fcomments&post=372887"}],"version-history":[{"count":0,"href":"https:\/\/analyse.optim.biz\/index.php?rest_route=\/wp\/v2\/posts\/372887\/revisions"}],"wp:featuredmedia":[{"embeddable":true,"href":"https:\/\/analyse.optim.biz\/index.php?rest_route=\/wp\/v2\/media\/372888"}],"wp:attachment":[{"href":"https:\/\/analyse.optim.biz\/index.php?rest_route=%2Fwp%2Fv2%2Fmedia&parent=372887"}],"wp:term":[{"taxonomy":"category","embeddable":true,"href":"https:\/\/analyse.optim.biz\/index.php?rest_route=%2Fwp%2Fv2%2Fcategories&post=372887"},{"taxonomy":"post_tag","embeddable":true,"href":"https:\/\/analyse.optim.biz\/index.php?rest_route=%2Fwp%2Fv2%2Ftags&post=372887"}],"curies":[{"name":"wp","href":"https:\/\/api.w.org\/{rel}","templated":true}]}}