{"id":372838,"date":"2015-12-09T13:24:00","date_gmt":"2015-12-09T10:24:00","guid":{"rendered":"https:\/\/analyse.optim.biz\/?p=372838"},"modified":"2015-12-09T13:24:00","modified_gmt":"2015-12-09T10:24:00","slug":"premierul-britanic-david-cameron-aflat-in-prima-sa-vizita-oficiala-la-bucuresti-a-ajuns-la-guvern","status":"publish","type":"post","link":"https:\/\/analyse.optim.biz\/?p=372838","title":{"rendered":"Premierul britanic David Cameron, aflat \u00een prima sa vizit\u0103 oficial\u0103 la Bucure\u015fti, a ajuns la Guvern"},"content":{"rendered":"<div class=\"description\" data-key=\"description\">Premierul Marii Britanii, David Cameron, se afl\u0103, miercuri, \u00een prima sa vizit\u0103 oficial\u0103 \u00een Rom\u00e2nia, la ora transmiterii acestei \u015ftiri el ajung\u00e2nd la Palatul Victoria, unde a fost \u00eent\u00e2mpinat de c\u0103tre premierul Dacian Ciolo\u015f.<\/div>\n<div class=\"articleBody\" data-key=\"articleBody\">\u00a0Premierul Marii Britanii, David Cameron, se afl\u0103, miercuri, \u00een prima sa vizit\u0103 oficial\u0103 \u00een Rom\u00e2nia, la ora transmiterii acestei \u015ftiri el ajung\u00e2nd la Palatul Victoria, unde a fost \u00eent\u00e2mpinat de c\u0103tre premierul Dacian Ciolo\u015f.<br \/>\nPremierul britanic a ajuns la Palatul Victoria \u00een jurul orei 15.00 \u015fi a fost \u00eent\u00e2mpinat de c\u0103tre premierul Dacian Ciolo\u015f. Cei doi oficiali s-au oprit apoi pe holul Palatului Victoria, unde au f\u0103cut fotografii, Dacian Ciolo\u015f invit\u00e2ndu-l apoi pe premierul britanic s\u0103 viziteze mai multe s\u0103li ale Guvernului.<br \/>\nPremierul Ciolo\u015f a declarat, mar\u0163i, c\u0103 la \u00eentrevederea cu premierul David Cameron va fi abordat \u015fi subiectul legat de referendumul pe care Marea Britanie \u00eel preg\u0103te\u015fte cu privire la r\u0103m\u00e2nerea sau p\u0103r\u0103sirea Uniunii Europene. De altfel, aceasta va fi \u015fi una dintre temele care vor fi discutate la Consiliul European care va avea loc \u00een 17-18 decembrie la Bruxelles \u015fi la care Rom\u00e2nia va fi reprezentat\u0103 de premierul Dacian Ciolo\u015f.<br \/>\n&#8220;Rela\u0163ia dintre Uniunea European\u0103 \u015fi Regatul Unit al Marii Britanii, dup\u0103 cum \u015fti\u0163i, Marea Bitanie preg\u0103te\u015fte un referendum legat de r\u0103m\u00e2nerea sau p\u0103r\u0103sirea Uniunii Europene \u015fi din aceast\u0103 perspectiv\u0103 sunt c\u00e2teva propuneri pe care Regatul Unit le va face de reformare sau de adaptare a modului de func\u0163ionare al Uniunii Europene \u015fi \u00een acest context, dar \u015fi \u00een contextul rela\u0163iilor bilaterale, chiar m\u00e2ine o s\u0103 am o \u00eent\u00e2lnire cu premierul David Cameron care viziteaz\u0103 \u015fi Rom\u00e2nia \u00eenaintea acestui Consiliu&#8221;, a ar\u0103tat Ciolo\u015f, preciz\u00e2nd c\u0103 un alt subiect posibil &#8220;care este de obicei pe agenda Consilului European&#8221; este \u015fi cel privitor la rela\u0163ii externe.<br \/>\nLa ora 16.45, David Cameron va fi primit la Palatul Cotroceni de c\u0103tre Klaus Iohannis.<br \/>\nPremierul britanic David Cameron se afl\u0103 \u00een prima sa vizit\u0103 oficial\u0103 \u00een Rom\u00e2nia, \u00een cadrul unui turneu ini\u0163iat \u00een contextul negocierilor pentru reconfigurarea rela\u0163iei Marii Britanii cu Uniunea European\u0103, dar \u015fi pe fondul crizei imigran\u0163ilor \u015fi al riscurilor teroriste.<\/p>\n<p>Sursa: mediafax.ro<\/p><\/div>\n<p> Source URL: https:\/\/observatornews.ro\/politic\/premierul-britanic-david-cameron-aflat-in-prima-sa-vizita-oficiala-la-bucuresti-a-ajuns-la-guvern-168872.html<\/p>\n","protected":false},"excerpt":{"rendered":"<p>Premierul Marii Britanii, David Cameron, se afl\u0103, miercuri, \u00een prima sa vizit\u0103 oficial\u0103 \u00een Rom\u00e2nia, la ora transmiterii acestei \u015ftiri el ajung\u00e2nd la Palatul Victoria, unde a fost \u00eent\u00e2mpinat de c\u0103tre premierul Dacian Ciolo\u015f. \u00a0Premierul Marii Britanii, David Cameron, se afl\u0103, miercuri, \u00een prima sa vizit\u0103 oficial\u0103 \u00een Rom\u00e2nia, la ora transmiterii acestei \u015ftiri el [&hellip;]<\/p>\n","protected":false},"author":1,"featured_media":372840,"comment_status":"open","ping_status":"","sticky":false,"template":"","format":"standard","meta":{"footnotes":""},"categories":[2],"tags":[30],"class_list":["post-372838","post","type-post","status-publish","format-standard","has-post-thumbnail","hentry","category-politics","tag-observatornews-ro"],"_links":{"self":[{"href":"https:\/\/analyse.optim.biz\/index.php?rest_route=\/wp\/v2\/posts\/372838","targetHints":{"allow":["GET"]}}],"collection":[{"href":"https:\/\/analyse.optim.biz\/index.php?rest_route=\/wp\/v2\/posts"}],"about":[{"href":"https:\/\/analyse.optim.biz\/index.php?rest_route=\/wp\/v2\/types\/post"}],"author":[{"embeddable":true,"href":"https:\/\/analyse.optim.biz\/index.php?rest_route=\/wp\/v2\/users\/1"}],"replies":[{"embeddable":true,"href":"https:\/\/analyse.optim.biz\/index.php?rest_route=%2Fwp%2Fv2%2Fcomments&post=372838"}],"version-history":[{"count":0,"href":"https:\/\/analyse.optim.biz\/index.php?rest_route=\/wp\/v2\/posts\/372838\/revisions"}],"wp:featuredmedia":[{"embeddable":true,"href":"https:\/\/analyse.optim.biz\/index.php?rest_route=\/wp\/v2\/media\/372840"}],"wp:attachment":[{"href":"https:\/\/analyse.optim.biz\/index.php?rest_route=%2Fwp%2Fv2%2Fmedia&parent=372838"}],"wp:term":[{"taxonomy":"category","embeddable":true,"href":"https:\/\/analyse.optim.biz\/index.php?rest_route=%2Fwp%2Fv2%2Fcategories&post=372838"},{"taxonomy":"post_tag","embeddable":true,"href":"https:\/\/analyse.optim.biz\/index.php?rest_route=%2Fwp%2Fv2%2Ftags&post=372838"}],"curies":[{"name":"wp","href":"https:\/\/api.w.org\/{rel}","templated":true}]}}