{"id":372836,"date":"2015-12-09T13:27:00","date_gmt":"2015-12-09T10:27:00","guid":{"rendered":"https:\/\/analyse.optim.biz\/?p=372836"},"modified":"2015-12-09T13:27:00","modified_gmt":"2015-12-09T10:27:00","slug":"remus-truica-dus-cu-mandat-la-dna-brasov","status":"publish","type":"post","link":"https:\/\/analyse.optim.biz\/?p=372836","title":{"rendered":"Remus Truic\u0103 dus cu mandat la DNA Bra\u0219ov"},"content":{"rendered":"<div class=\"description\" data-key=\"description\">Omul de afaceri Remus Truic\u0103 a fost dus miercuri cu mandat la DNA Bra\u0219ov pentru audieri \u00een dosarul privind retroced\u0103rile ilegale<\/div>\n<div class=\"articleBody\" data-key=\"articleBody\">Omul de afaceri Remus Truic\u0103 a fost dus miercuri cu mandat la DNA Bra\u0219ov pentru audieri \u00een dosarul privind retroced\u0103rile ilegale<br \/>\nPotrivit acelora\u0219i surse, procurorii au efectuat, miercuri, perchezi\u021bii la domiciliul s\u0103u, dar \u0219i la sediile unor firme \u0219i domiciliile unor persoane.<br \/>\n\u0218i Marius Marcovici, fost consilier al lui C\u0103lin Popescu-T\u0103riceanu, \u0219i Claudiu Lucian Mateescu, director general Impact, au fost lua\u021bi cu mandat de procurorii Direc\u021biei Na\u021bionale Anticorup\u021bie pentru a fi audia\u021bi la sediul DNA Bra\u0219ov, dup\u0103 cum au declarat pentru AGERPRES surse judiciare.<br \/>\nConform surselor citate, Marcovici ar fi implicat \u00een dosarul lui Remus Truic\u0103, iar prejudiciul estimat s-ar ridica la 136 milioane euro.<br \/>\nDNA a anun\u021bat c\u0103 procurorii efectueaz\u0103 nou\u0103 perchezi\u021bii \u00een municipiul Bucure\u0219ti \u0219i \u00een jude\u021bul Ilfov, \u00eentr-un dosar privind fapte de corup\u021bie comise \u00een perioada 2006 \u2014 2015.<br \/>\n&#8220;Sunt efectuate perchezi\u021bii domiciliare \u00een 9 loca\u021bii situate \u00een municipiul Bucure\u0219ti \u0219i jude\u021bul Ilfov, reprezent\u00e2nd sediile unor societ\u0103\u021bi comerciale \u0219i domiciliile unor persoane fizice&#8221;, a precizat DNA \u00eentr-un comunicat de pres\u0103.<\/div>\n<p> Source URL: https:\/\/observatornews.ro\/politic\/remus-truica-dus-cu-mandat-la-dna-braov-168873.html<\/p>\n","protected":false},"excerpt":{"rendered":"<p>Omul de afaceri Remus Truic\u0103 a fost dus miercuri cu mandat la DNA Bra\u0219ov pentru audieri \u00een dosarul privind retroced\u0103rile ilegale Omul de afaceri Remus Truic\u0103 a fost dus miercuri cu mandat la DNA Bra\u0219ov pentru audieri \u00een dosarul privind retroced\u0103rile ilegale Potrivit acelora\u0219i surse, procurorii au efectuat, miercuri, perchezi\u021bii la domiciliul s\u0103u, dar \u0219i [&hellip;]<\/p>\n","protected":false},"author":1,"featured_media":372837,"comment_status":"open","ping_status":"","sticky":false,"template":"","format":"standard","meta":{"footnotes":""},"categories":[2],"tags":[30],"class_list":["post-372836","post","type-post","status-publish","format-standard","has-post-thumbnail","hentry","category-politics","tag-observatornews-ro"],"_links":{"self":[{"href":"https:\/\/analyse.optim.biz\/index.php?rest_route=\/wp\/v2\/posts\/372836","targetHints":{"allow":["GET"]}}],"collection":[{"href":"https:\/\/analyse.optim.biz\/index.php?rest_route=\/wp\/v2\/posts"}],"about":[{"href":"https:\/\/analyse.optim.biz\/index.php?rest_route=\/wp\/v2\/types\/post"}],"author":[{"embeddable":true,"href":"https:\/\/analyse.optim.biz\/index.php?rest_route=\/wp\/v2\/users\/1"}],"replies":[{"embeddable":true,"href":"https:\/\/analyse.optim.biz\/index.php?rest_route=%2Fwp%2Fv2%2Fcomments&post=372836"}],"version-history":[{"count":0,"href":"https:\/\/analyse.optim.biz\/index.php?rest_route=\/wp\/v2\/posts\/372836\/revisions"}],"wp:featuredmedia":[{"embeddable":true,"href":"https:\/\/analyse.optim.biz\/index.php?rest_route=\/wp\/v2\/media\/372837"}],"wp:attachment":[{"href":"https:\/\/analyse.optim.biz\/index.php?rest_route=%2Fwp%2Fv2%2Fmedia&parent=372836"}],"wp:term":[{"taxonomy":"category","embeddable":true,"href":"https:\/\/analyse.optim.biz\/index.php?rest_route=%2Fwp%2Fv2%2Fcategories&post=372836"},{"taxonomy":"post_tag","embeddable":true,"href":"https:\/\/analyse.optim.biz\/index.php?rest_route=%2Fwp%2Fv2%2Ftags&post=372836"}],"curies":[{"name":"wp","href":"https:\/\/api.w.org\/{rel}","templated":true}]}}