{"id":372541,"date":"2015-12-16T09:26:00","date_gmt":"2015-12-16T06:26:00","guid":{"rendered":"https:\/\/analyse.optim.biz\/?p=372541"},"modified":"2015-12-16T09:26:00","modified_gmt":"2015-12-16T06:26:00","slug":"presedintele-iohannis-se-adreseaza-parlamentului-la-un-an-de-mandat","status":"publish","type":"post","link":"https:\/\/analyse.optim.biz\/?p=372541","title":{"rendered":"Pre\u0219edintele Iohannis se adreseaz\u0103 Parlamentului, la un an de mandat"},"content":{"rendered":"<div class=\"description\" data-key=\"description\">\u0218edin\u021ba Camerei Deputa\u021bilor \u0219i a Senatului \u00een care pre\u0219edintele Klaus Iohannis adreseaz\u0103 un mesaj cu ocazia unui an de mandat a \u00eenceput, miercuri, \u00een prezen\u021ba a 399 de parlamentari \u0219i a membrilor Cabinetului Ciolo\u0219.<\/div>\n<div class=\"articleBody\" data-key=\"articleBody\">\u00a0\u0218edin\u021ba Camerei Deputa\u021bilor \u0219i a Senatului \u00een care pre\u0219edintele Klaus Iohannis adreseaz\u0103 un mesaj cu ocazia unui an de mandat a \u00eenceput, miercuri, \u00een prezen\u021ba a 399 de parlamentari \u0219i a membrilor Cabinetului Ciolo\u0219.<br \/>\nLa \u0219edin\u021ba plenului reunit al Parlamentului particip\u0103 premierul Dacian Ciolo\u0219, mini\u0219tri, consilieri preziden\u021biali, reprezentan\u021bi ai corpului diplomatic, pre\u0219edintele CCR, Augustin Zegrean, directorul SRI, Eduard Hellvig.<br \/>\n\u0218edin\u021ba a \u00eenceput cu o \u00eent\u00e2rziere de aproape un sfert de or\u0103.<br \/>\nLuni, Birourile permanente reunite ale Parlamentului au decis ca discursul pre\u0219edintelui Klaus Iohannis s\u0103 fie sus\u021binut \u00eenaintea dezbaterilor privind bugetul de stat pe anul 2016.<br \/>\n&#8220;Miercuri diminea\u021b\u0103, \u00eenainte de \u00eenceperea dezbaterilor pe buget, va fi prezent \u00een Parlament pre\u0219edintele Rom\u00e2niei, care a solicitat s\u0103 adreseze un mesaj, dup\u0103 care noi vom intra \u00een programul de buget&#8221;, a afirmat pre\u0219edintele Senatului, C\u0103lin Popescu-T\u0103riceanu.<br \/>\nKlaus Iohannis \u0219i-a preluat mandatul de pre\u0219edinte al Rom\u00e2niei pe 21 decembrie 2014.<br \/>\nSursa: agerpres.ro<\/div>\n<p> Source URL: https:\/\/observatornews.ro\/politic\/preedintele-iohannis-se-adreseaza-parlamentului-la-un-an-de-mandat-169416.html<\/p>\n","protected":false},"excerpt":{"rendered":"<p>\u0218edin\u021ba Camerei Deputa\u021bilor \u0219i a Senatului \u00een care pre\u0219edintele Klaus Iohannis adreseaz\u0103 un mesaj cu ocazia unui an de mandat a \u00eenceput, miercuri, \u00een prezen\u021ba a 399 de parlamentari \u0219i a membrilor Cabinetului Ciolo\u0219. \u00a0\u0218edin\u021ba Camerei Deputa\u021bilor \u0219i a Senatului \u00een care pre\u0219edintele Klaus Iohannis adreseaz\u0103 un mesaj cu ocazia unui an de mandat a [&hellip;]<\/p>\n","protected":false},"author":1,"featured_media":0,"comment_status":"open","ping_status":"","sticky":false,"template":"","format":"standard","meta":{"footnotes":""},"categories":[2],"tags":[30],"class_list":["post-372541","post","type-post","status-publish","format-standard","hentry","category-politics","tag-observatornews-ro"],"_links":{"self":[{"href":"https:\/\/analyse.optim.biz\/index.php?rest_route=\/wp\/v2\/posts\/372541","targetHints":{"allow":["GET"]}}],"collection":[{"href":"https:\/\/analyse.optim.biz\/index.php?rest_route=\/wp\/v2\/posts"}],"about":[{"href":"https:\/\/analyse.optim.biz\/index.php?rest_route=\/wp\/v2\/types\/post"}],"author":[{"embeddable":true,"href":"https:\/\/analyse.optim.biz\/index.php?rest_route=\/wp\/v2\/users\/1"}],"replies":[{"embeddable":true,"href":"https:\/\/analyse.optim.biz\/index.php?rest_route=%2Fwp%2Fv2%2Fcomments&post=372541"}],"version-history":[{"count":0,"href":"https:\/\/analyse.optim.biz\/index.php?rest_route=\/wp\/v2\/posts\/372541\/revisions"}],"wp:attachment":[{"href":"https:\/\/analyse.optim.biz\/index.php?rest_route=%2Fwp%2Fv2%2Fmedia&parent=372541"}],"wp:term":[{"taxonomy":"category","embeddable":true,"href":"https:\/\/analyse.optim.biz\/index.php?rest_route=%2Fwp%2Fv2%2Fcategories&post=372541"},{"taxonomy":"post_tag","embeddable":true,"href":"https:\/\/analyse.optim.biz\/index.php?rest_route=%2Fwp%2Fv2%2Ftags&post=372541"}],"curies":[{"name":"wp","href":"https:\/\/api.w.org\/{rel}","templated":true}]}}