{"id":372270,"date":"2016-01-04T10:58:00","date_gmt":"2016-01-04T07:58:00","guid":{"rendered":"https:\/\/analyse.optim.biz\/?p=372270"},"modified":"2016-01-04T10:58:00","modified_gmt":"2016-01-04T07:58:00","slug":"beke-istvan-ramane-in-arest-preventiv","status":"publish","type":"post","link":"https:\/\/analyse.optim.biz\/?p=372270","title":{"rendered":"Beke Istvan r\u0103m\u00e2ne \u00een arest preventiv"},"content":{"rendered":"<div class=\"description\" data-key=\"description\">\u00cenalta Curte de Casa\u021bie \u0219i Justi\u021bie a decis luni ca Beke Istvan Attila s\u0103 r\u0103m\u00e2n\u0103 \u00een arest preventiv, \u00een dosarul \u00een care este acuzat de DIICOT c\u0103 inten\u021biona s\u0103 detoneze un dispozitiv exploziv improvizat la manifesta\u021bia de 1 Decembrie de la T\u00e2rgu Secuiesc<\/div>\n<div class=\"articleBody\" data-key=\"articleBody\">\u00cenalta Curte de Casa\u021bie \u0219i Justi\u021bie a decis luni ca Beke Istvan Attila s\u0103 r\u0103m\u00e2n\u0103 \u00een arest preventiv, \u00een dosarul \u00een care este acuzat de DIICOT c\u0103 inten\u021biona s\u0103 detoneze un dispozitiv exploziv improvizat la manifesta\u021bia de 1 Decembrie de la T\u00e2rgu Secuiesc<br \/>\nInstan\u021ba suprem\u0103 a respins luni o contesta\u021bie depus\u0103 de Beke Istvan la decizia Cur\u021bii de Apel Bucure\u0219ti din 22 decembrie, prin care i s-a prelungit cu 30 de zile m\u0103sura arestului preventiv.<br \/>\nBeke Istvan, cet\u0103\u021bean rom\u00e2n de etnie maghiar\u0103, a fost arestat preventiv pe 1 decembrie, el fiind acuzat de s\u0103v\u00e2r\u0219irea infrac\u021biunilor de tentativ\u0103 la infrac\u021biunea de ac\u021biuni \u00eempotriva ordinii constitu\u021bionale \u0219i nerespectarea regimului materiilor explozive privind prevenirea \u0219i combaterea terorismului.<br \/>\nPotrivit anchetatorilor, exist\u0103 date c\u0103 Beke Istvan, membru marcant al extensiei \u00een Rom\u00e2nia a structurii na\u021bionalist-extremiste HVIM Ungaria, ce are obiective revizionist-separatiste, printre care realizarea, inclusiv prin acte de violen\u021b\u0103 \u00eendreptate \u00eempotriva cet\u0103\u021benilor rom\u00e2ni \u0219i a bunurilor acestora, a dezideratului de \u00eengreunare \u0219i \u00eempiedicare a autorit\u0103\u021bilor rom\u00e2ne \u00een actul de exercitare a puterii de stat \u00een zona a\u0219a-zisului &#8220;\u021ainut Secuiesc&#8221;, \u0219i-a asumat, \u0219i ulterior a procurat mijloacele \u0219i instrumentele necesare confec\u021bion\u0103rii unui dispozitiv exploziv improvizat pe care inten\u021biona s\u0103-l detoneze \u00een public, pe raza localit\u0103\u021bii T\u00e2rgu Secuiesc, pe parcursul desf\u0103\u0219ur\u0103rii manifesta\u021biei prilejuite de s\u0103rb\u0103torirea zilei de 1 Decembrie.<br \/>\nProcurorii sus\u021bin c\u0103 Beke Istvan Attila pl\u0103nuia s\u0103 detoneze dispozitivul artizanal de la distan\u021b\u0103 prin intermediul unui telefon mobil, acesta urm\u00e2nd s\u0103 fie amplasat \u00eentr-un co\u0219 de gunoi din centrul localit\u0103\u021bii T\u00e2rgu Secuiesc, pe traseul de deplasare a paradei militare de 1 Decembrie.<br \/>\nDetonarea dispozitivului ar fi fost pl\u0103nuit\u0103 \u00eenc\u0103 din luna octombrie, \u00een cadrul unei \u00eent\u00e2lniri la care au luat parte membri ai organiza\u021biei &#8220;Mi\u0219carea de Tineret 64 de Comitate&#8221; \u2014 HVIM.<\/p>\n<p>&#8220;Din actele de urm\u0103rire penal\u0103 a rezultat faptul c\u0103, \u00een cursul zilei de 10.10.2015, pe raza jude\u021bului Covasna, a avut loc o \u00eent\u00e2lnire a mai multor membri HVIM, pe parcursul c\u0103reia numitul (&#8230;) a propus amplasarea \u0219i detonarea unui dispozitiv exploziv improvizat pe timpul desf\u0103\u0219ur\u0103rii manifesta\u021biei prilejuite de s\u0103rb\u0103torirea zilei de 1 Decembrie pe raza localit\u0103\u021bii T\u00e2rgu Secuiesc, afirm\u00e2nd c\u0103 are o cutie de petarde acas\u0103 ce poate fi folosit\u0103 \u00een acest sens&#8221;, precizeaz\u0103 DIICOT.<br \/>\nProcurorii noteaz\u0103 c\u0103, pe parcursul respectivei \u00eent\u00e2lniri, s-a convenit ca dispozitivul s\u0103 fie realizat de Beke Istvan, care se pricepe la electronic\u0103, prin utilizarea unui fitil care &#8220;ar face s\u0103 se aprind\u0103 cel pu\u021bin 3-4 petarde simultan&#8221; \u0219i c\u0103 mai trebuie &#8220;doar o baterie&#8221;.<br \/>\nBeke Istvan a afirmat c\u0103 de pe telefonul mobil poate accesa camera video amplasat\u0103 \u00een exteriorul magazinului s\u0103u situat \u00een centrul localit\u0103\u021bii T\u00e2rgu Secuiesc \u0219i c\u0103 va putea urm\u0103ri mar\u0219ul de Ziua Na\u021bional\u0103 a Rom\u00e2niei \u0219i detona dispozitivul exploziv improvizat de la distan\u021b\u0103, &#8220;chiar dac\u0103 va fi plecat din localitate cu familia&#8221;.<\/p>\n<p>Potrivit DIICOT, ca loc de amplasare a dispozitivului, a fost propus perimetrul din zona \u00een care se afl\u0103 statuia lui Gabor Aron, unul dintre participan\u021bii la \u00eent\u00e2lnire propun\u00e2nd ca loc de amplasament un co\u0219 de gunoi din centrul localit\u0103\u021bii situat pe traseul de deplasare a paradei militare, afirm\u00e2nd c\u0103 dup\u0103 ac\u021biune &#8220;o s\u0103 se spun\u0103 c\u0103 T\u00e2rgu Secuiesc a fost atacat de terori\u0219ti&#8221;.<\/p>\n<p>De asemenea, participan\u021bii la \u00eent\u00e2lnire au folosit un limbaj codificat.<br \/>\nAstfel, unul dintre ei a insistat c\u0103 &#8220;trebuie s\u0103 facem o \u00eencercare, nu m\u0103n\u00e2nci pizza cu poft\u0103, doar o gu\u0219ti, vezi cum e&#8221;, termenul de &#8220;pizza&#8221; fiind folosit cu referire la dispozitivul exploziv improvizat, H. I. afirm\u00e2nd: &#8220;Ar merita s\u0103 facem, m\u0103car s\u0103 acumul\u0103m experien\u021b\u0103&#8221;.<br \/>\nLa perchezi\u021bii, procurorii au g\u0103sit 195 de dispozitive explozive clasa articole pirotehnice categoria a III-a cod FP3, dintr-un total de 400 buc\u0103\u021bi achizi\u021bionate de Beke Istvan cu \u00eenc\u0103lcarea legii; materii explozive \u2014 clasa articole pirotehnice categoria a II-a cu fum alb; dispozitiv de ini\u021biere \u0219i temporizare a impulsurilor electrice de 12 V.<\/p><\/div>\n<p> Source URL: https:\/\/observatornews.ro\/politic\/beke-istvan-ramane-in-arest-preventiv-170705.html<\/p>\n","protected":false},"excerpt":{"rendered":"<p>\u00cenalta Curte de Casa\u021bie \u0219i Justi\u021bie a decis luni ca Beke Istvan Attila s\u0103 r\u0103m\u00e2n\u0103 \u00een arest preventiv, \u00een dosarul \u00een care este acuzat de DIICOT c\u0103 inten\u021biona s\u0103 detoneze un dispozitiv exploziv improvizat la manifesta\u021bia de 1 Decembrie de la T\u00e2rgu Secuiesc \u00cenalta Curte de Casa\u021bie \u0219i Justi\u021bie a decis luni ca Beke Istvan [&hellip;]<\/p>\n","protected":false},"author":1,"featured_media":372271,"comment_status":"open","ping_status":"","sticky":false,"template":"","format":"standard","meta":{"footnotes":""},"categories":[2],"tags":[30],"class_list":["post-372270","post","type-post","status-publish","format-standard","has-post-thumbnail","hentry","category-politics","tag-observatornews-ro"],"_links":{"self":[{"href":"https:\/\/analyse.optim.biz\/index.php?rest_route=\/wp\/v2\/posts\/372270","targetHints":{"allow":["GET"]}}],"collection":[{"href":"https:\/\/analyse.optim.biz\/index.php?rest_route=\/wp\/v2\/posts"}],"about":[{"href":"https:\/\/analyse.optim.biz\/index.php?rest_route=\/wp\/v2\/types\/post"}],"author":[{"embeddable":true,"href":"https:\/\/analyse.optim.biz\/index.php?rest_route=\/wp\/v2\/users\/1"}],"replies":[{"embeddable":true,"href":"https:\/\/analyse.optim.biz\/index.php?rest_route=%2Fwp%2Fv2%2Fcomments&post=372270"}],"version-history":[{"count":0,"href":"https:\/\/analyse.optim.biz\/index.php?rest_route=\/wp\/v2\/posts\/372270\/revisions"}],"wp:featuredmedia":[{"embeddable":true,"href":"https:\/\/analyse.optim.biz\/index.php?rest_route=\/wp\/v2\/media\/372271"}],"wp:attachment":[{"href":"https:\/\/analyse.optim.biz\/index.php?rest_route=%2Fwp%2Fv2%2Fmedia&parent=372270"}],"wp:term":[{"taxonomy":"category","embeddable":true,"href":"https:\/\/analyse.optim.biz\/index.php?rest_route=%2Fwp%2Fv2%2Fcategories&post=372270"},{"taxonomy":"post_tag","embeddable":true,"href":"https:\/\/analyse.optim.biz\/index.php?rest_route=%2Fwp%2Fv2%2Ftags&post=372270"}],"curies":[{"name":"wp","href":"https:\/\/api.w.org\/{rel}","templated":true}]}}