{"id":372245,"date":"2016-01-04T11:26:54","date_gmt":"2016-01-04T08:26:54","guid":{"rendered":"https:\/\/analyse.optim.biz\/?p=372245"},"modified":"2016-01-04T11:26:54","modified_gmt":"2016-01-04T08:26:54","slug":"guvernul-condus-de-dacian-ciolos-are-agenda-incarcata-pentru-anul-2016","status":"publish","type":"post","link":"https:\/\/analyse.optim.biz\/?p=372245","title":{"rendered":"Guvernul condus de Dacian Ciolo\u015f are agenda \u00eenc\u0103rcat\u0103 pentru anul 2016"},"content":{"rendered":"<div class=\"description\" data-key=\"description\">Anul \u00eencepe cu proteste pentru Guvernul condus de Dacian Ciolo\u015f<\/div>\n<div class=\"articleBody\" data-key=\"articleBody\">Anul \u00eencepe cu proteste pentru Guvernul condus de Dacian Ciolo\u015f. Cadrele militare amenin\u0163\u0103 c\u0103 vor ie\u015fi \u00een strad\u0103 luna aceasta.<br \/>\nUrmeaz\u0103 \u015fi alte probe de foc, \u00een prim\u0103var\u0103, c\u00e2nd sunt anun\u0163ate numiri importante \u00een justi\u0163ie. <\/div>\n<p> Source URL: https:\/\/observatornews.ro\/politic\/guvernul-condus-de-dacian-ciolos-are-agenda-incarcata-pentru-anul-2016-170715.html<\/p>\n","protected":false},"excerpt":{"rendered":"<p>Anul \u00eencepe cu proteste pentru Guvernul condus de Dacian Ciolo\u015f Anul \u00eencepe cu proteste pentru Guvernul condus de Dacian Ciolo\u015f. Cadrele militare amenin\u0163\u0103 c\u0103 vor ie\u015fi \u00een strad\u0103 luna aceasta. Urmeaz\u0103 \u015fi alte probe de foc, \u00een prim\u0103var\u0103, c\u00e2nd sunt anun\u0163ate numiri importante \u00een justi\u0163ie. Source URL: https:\/\/observatornews.ro\/politic\/guvernul-condus-de-dacian-ciolos-are-agenda-incarcata-pentru-anul-2016-170715.html<\/p>\n","protected":false},"author":1,"featured_media":0,"comment_status":"open","ping_status":"","sticky":false,"template":"","format":"standard","meta":{"footnotes":""},"categories":[2],"tags":[30],"class_list":["post-372245","post","type-post","status-publish","format-standard","hentry","category-politics","tag-observatornews-ro"],"_links":{"self":[{"href":"https:\/\/analyse.optim.biz\/index.php?rest_route=\/wp\/v2\/posts\/372245","targetHints":{"allow":["GET"]}}],"collection":[{"href":"https:\/\/analyse.optim.biz\/index.php?rest_route=\/wp\/v2\/posts"}],"about":[{"href":"https:\/\/analyse.optim.biz\/index.php?rest_route=\/wp\/v2\/types\/post"}],"author":[{"embeddable":true,"href":"https:\/\/analyse.optim.biz\/index.php?rest_route=\/wp\/v2\/users\/1"}],"replies":[{"embeddable":true,"href":"https:\/\/analyse.optim.biz\/index.php?rest_route=%2Fwp%2Fv2%2Fcomments&post=372245"}],"version-history":[{"count":0,"href":"https:\/\/analyse.optim.biz\/index.php?rest_route=\/wp\/v2\/posts\/372245\/revisions"}],"wp:attachment":[{"href":"https:\/\/analyse.optim.biz\/index.php?rest_route=%2Fwp%2Fv2%2Fmedia&parent=372245"}],"wp:term":[{"taxonomy":"category","embeddable":true,"href":"https:\/\/analyse.optim.biz\/index.php?rest_route=%2Fwp%2Fv2%2Fcategories&post=372245"},{"taxonomy":"post_tag","embeddable":true,"href":"https:\/\/analyse.optim.biz\/index.php?rest_route=%2Fwp%2Fv2%2Ftags&post=372245"}],"curies":[{"name":"wp","href":"https:\/\/api.w.org\/{rel}","templated":true}]}}